{"id":101,"date":"2019-04-29T15:06:00","date_gmt":"2019-04-29T13:06:00","guid":{"rendered":"https:\/\/ecole.ac-nice.fr\/nice3\/semainedeslangues2019\/?p=101"},"modified":"2019-04-29T15:06:00","modified_gmt":"2019-04-29T13:06:00","slug":"cycle-3","status":"publish","type":"post","link":"https:\/\/ecole.ac-nice.fr\/nice3\/semainedeslangues2019\/2019\/04\/29\/cycle-3\/","title":{"rendered":"Cycle 3"},"content":{"rendered":"<p>D\u00e9marche et consignes cycle 3 :<\/p>\n<p><strong>Etape 1 :<\/strong><br \/>\n\u2022 D\u00e9couverte de l\u2019album : visionnage de la lecture enregistr\u00e9e par un anglophone et \/ ou lecture de l\u2019album par l\u2019enseignant<br \/>\n\u2022 Reformulation collective et globale de l\u2019histoire en fran\u00e7ais ou en anglais au choix de l\u2019enseignant.<br \/>\n\u2022 R\u00e9\u00e9coute compl\u00e8te de l\u2019histoire<br \/>\n\u2022 M\u00e9morisation \/ r\u00e9p\u00e9titions collectives et individuelles de mots et \/ ou de phrases au choix de l\u2019enseignant.<\/p>\n<p><strong>Etape 2 :<\/strong><br \/>\n\u2022 En bin\u00f4me, d\u00e9couverte du questionnaire, r\u00e9ponses concert\u00e9es<br \/>\n\u2022 En collectif v\u00e9rification des r\u00e9ponses propos\u00e9es : chaque bin\u00f4me lit la question \u00e0 haute voix et propose sa r\u00e9ponse.<br \/>\n\u2022 Validation et r\u00e9ponses en ligne en temps limit\u00e9<\/p>\n","protected":false},"excerpt":{"rendered":"<p>D\u00e9marche et consignes cycle 3 : Etape 1 : \u2022 D\u00e9couverte de l\u2019album : visionnage de la lecture enregistr\u00e9e par un anglophone et \/ ou lecture de l\u2019album par l\u2019enseignant \u2022 Reformulation collective et globale de l\u2019histoire en fran\u00e7ais ou &hellip; <a href=\"https:\/\/ecole.ac-nice.fr\/nice3\/semainedeslangues2019\/2019\/04\/29\/cycle-3\/\">Continuer la lecture <span class=\"meta-nav\">&rarr;<\/span><\/a><\/p>\n","protected":false},"author":2,"featured_media":0,"comment_status":"open","ping_status":"open","sticky":false,"template":"","format":"standard","meta":{"footnotes":""},"categories":[1],"tags":[],"class_list":["post-101","post","type-post","status-publish","format-standard","hentry","category-non-classe"],"_links":{"self":[{"href":"https:\/\/ecole.ac-nice.fr\/nice3\/semainedeslangues2019\/wp-json\/wp\/v2\/posts\/101","targetHints":{"allow":["GET"]}}],"collection":[{"href":"https:\/\/ecole.ac-nice.fr\/nice3\/semainedeslangues2019\/wp-json\/wp\/v2\/posts"}],"about":[{"href":"https:\/\/ecole.ac-nice.fr\/nice3\/semainedeslangues2019\/wp-json\/wp\/v2\/types\/post"}],"author":[{"embeddable":true,"href":"https:\/\/ecole.ac-nice.fr\/nice3\/semainedeslangues2019\/wp-json\/wp\/v2\/users\/2"}],"replies":[{"embeddable":true,"href":"https:\/\/ecole.ac-nice.fr\/nice3\/semainedeslangues2019\/wp-json\/wp\/v2\/comments?post=101"}],"version-history":[{"count":1,"href":"https:\/\/ecole.ac-nice.fr\/nice3\/semainedeslangues2019\/wp-json\/wp\/v2\/posts\/101\/revisions"}],"predecessor-version":[{"id":102,"href":"https:\/\/ecole.ac-nice.fr\/nice3\/semainedeslangues2019\/wp-json\/wp\/v2\/posts\/101\/revisions\/102"}],"wp:attachment":[{"href":"https:\/\/ecole.ac-nice.fr\/nice3\/semainedeslangues2019\/wp-json\/wp\/v2\/media?parent=101"}],"wp:term":[{"taxonomy":"category","embeddable":true,"href":"https:\/\/ecole.ac-nice.fr\/nice3\/semainedeslangues2019\/wp-json\/wp\/v2\/categories?post=101"},{"taxonomy":"post_tag","embeddable":true,"href":"https:\/\/ecole.ac-nice.fr\/nice3\/semainedeslangues2019\/wp-json\/wp\/v2\/tags?post=101"}],"curies":[{"name":"wp","href":"https:\/\/api.w.org\/{rel}","templated":true}]}}