{"id":569,"date":"2019-05-26T18:28:00","date_gmt":"2019-05-26T16:28:00","guid":{"rendered":"http:\/\/ecole.ac-nice.fr\/nice1\/?p=569"},"modified":"2019-05-26T18:28:00","modified_gmt":"2019-05-26T16:28:00","slug":"course-solidaire-pour-haiti-ecole-col-de-villefranche","status":"publish","type":"post","link":"https:\/\/ecole.ac-nice.fr\/nice1\/blog\/course-solidaire-pour-haiti-ecole-col-de-villefranche\/","title":{"rendered":"course solidaire pour Ha\u00efti: \u00e9cole Col de Villefranche"},"content":{"rendered":"<p>Le mardi 21 mai au Castel des 2 Rois, les \u00e9l\u00e8ves de l&rsquo;\u00e9cole Col de Villefranche ont particip\u00e9 \u00e0 une course solidaire.<\/p>\n<p>L&rsquo;\u00e9cole a pris contact avec une association locale, TIMOUN KONTAN, qui aide une petite association ha\u00eftienne, Nid d&rsquo;amour, laquelle a entre autres construit une maison de vie \u00ab\u00a0Le domaine de Sapeterre\u00a0\u00bb pour accueillir des enfants ha\u00eftiens sans famille. Ils ont d\u00e9fini le projet ensemble : l&rsquo;\u00e9cole leur a demand\u00e9 de venir sensibiliser les \u00e9l\u00e8ves \u00e0 leur action et leur a propos\u00e9 de participer \u00e0 une action concr\u00e8te pour Nid d&rsquo;Amour en organisant une course solidaire de l&rsquo;ensemble de l&rsquo;\u00e9cole.<\/p>\n<p><img loading=\"lazy\" decoding=\"async\" class=\"size-medium wp-image-570 aligncenter\" src=\"https:\/\/ecole.ac-nice.fr\/nice1\/wp-content\/uploads\/2019\/05\/IMG_20190522_131056-bis-265x300.jpg\" alt=\"\" width=\"265\" height=\"300\" \/><\/p>\n","protected":false},"excerpt":{"rendered":"<p>Le mardi 21 mai au Castel des 2 Rois, les \u00e9l\u00e8ves de l&rsquo;\u00e9cole Col de Villefranche ont particip\u00e9 \u00e0 une course solidaire. [&hellip;]<\/p>\n","protected":false},"author":45,"featured_media":0,"comment_status":"closed","ping_status":"closed","sticky":false,"template":"","format":"standard","meta":{"footnotes":""},"categories":[33],"tags":[],"class_list":["post-569","post","type-post","status-publish","format-standard","hentry","category-evenements-dans-les-ecoles"],"_links":{"self":[{"href":"https:\/\/ecole.ac-nice.fr\/nice1\/wp-json\/wp\/v2\/posts\/569","targetHints":{"allow":["GET"]}}],"collection":[{"href":"https:\/\/ecole.ac-nice.fr\/nice1\/wp-json\/wp\/v2\/posts"}],"about":[{"href":"https:\/\/ecole.ac-nice.fr\/nice1\/wp-json\/wp\/v2\/types\/post"}],"author":[{"embeddable":true,"href":"https:\/\/ecole.ac-nice.fr\/nice1\/wp-json\/wp\/v2\/users\/45"}],"replies":[{"embeddable":true,"href":"https:\/\/ecole.ac-nice.fr\/nice1\/wp-json\/wp\/v2\/comments?post=569"}],"version-history":[{"count":1,"href":"https:\/\/ecole.ac-nice.fr\/nice1\/wp-json\/wp\/v2\/posts\/569\/revisions"}],"predecessor-version":[{"id":571,"href":"https:\/\/ecole.ac-nice.fr\/nice1\/wp-json\/wp\/v2\/posts\/569\/revisions\/571"}],"wp:attachment":[{"href":"https:\/\/ecole.ac-nice.fr\/nice1\/wp-json\/wp\/v2\/media?parent=569"}],"wp:term":[{"taxonomy":"category","embeddable":true,"href":"https:\/\/ecole.ac-nice.fr\/nice1\/wp-json\/wp\/v2\/categories?post=569"},{"taxonomy":"post_tag","embeddable":true,"href":"https:\/\/ecole.ac-nice.fr\/nice1\/wp-json\/wp\/v2\/tags?post=569"}],"curies":[{"name":"wp","href":"https:\/\/api.w.org\/{rel}","templated":true}]}}