{"id":563,"date":"2019-05-26T18:18:06","date_gmt":"2019-05-26T16:18:06","guid":{"rendered":"http:\/\/ecole.ac-nice.fr\/nice1\/?p=563"},"modified":"2019-05-26T18:18:06","modified_gmt":"2019-05-26T16:18:06","slug":"journee-pour-ela-ecoles-chateau-risso-pierre-merle-ecole-specialisee-du-chateau","status":"publish","type":"post","link":"https:\/\/ecole.ac-nice.fr\/nice1\/blog\/journee-pour-ela-ecoles-chateau-risso-pierre-merle-ecole-specialisee-du-chateau\/","title":{"rendered":"journ\u00e9e pour ELA: \u00e9coles Ch\u00e2teau, Risso, Pierre Merle, \u00e9cole sp\u00e9cialis\u00e9e du Ch\u00e2teau"},"content":{"rendered":"<p>Ce mardi 14 mai 2019, de nombreux \u00e9l\u00e8ves de la circonscription de Nice 1 se sont mobilis\u00e9s pour courir toute la journ\u00e9e pour ELA.<\/p>\n<p>Des ateliers \u00e9taient \u00e9galement organis\u00e9s par des ETPAS de la mairie, ainsi qu\u2019un atelier sur le th\u00e8me du handicap (\u00e0 r\u00e9aliser les yeux band\u00e9s par exemple).<\/p>\n<p>Les valeurs du sport ont \u00e9t\u00e9 tr\u00e8s pr\u00e9sentes\u00a0: solidarit\u00e9, pers\u00e9v\u00e9rance, effort, plaisir,\u2026ainsi que des valeurs d\u2019ordre moral et civique comme le handicap, la maladie,\u2026<\/p>\n<p>Merci au directeur de l\u2019\u00e9cole du Ch\u00e2teau M.Schutz, qui a tant \u0153uvr\u00e9 pour cette journ\u00e9e si r\u00e9ussie, et bien s\u00fbr \u00e0 la mairie de Nice, ainsi qu\u2019au CPD M.Kopteff.<\/p>\n<p>Les \u00e9l\u00e8ves sont repartis fiers d\u2019avoir particip\u00e9, de s\u2019\u00eatre rencontr\u00e9s, d\u2019\u00eatre all\u00e9s au bout de leurs forces, d\u2019avoir gagn\u00e9 pour certains.<\/p>\n<p>Un beau moment de sport, merci \u00e0 tous.<\/p>\n<p><img loading=\"lazy\" decoding=\"async\" class=\"size-medium wp-image-565 aligncenter\" src=\"https:\/\/ecole.ac-nice.fr\/nice1\/wp-content\/uploads\/2019\/05\/IMG_6445-bis-300x240.jpg\" alt=\"\" width=\"300\" height=\"240\" \/><\/p>\n","protected":false},"excerpt":{"rendered":"<p>Ce mardi 14 mai 2019, de nombreux \u00e9l\u00e8ves de la circonscription de Nice 1 se sont mobilis\u00e9s pour courir toute la journ\u00e9e [&hellip;]<\/p>\n","protected":false},"author":45,"featured_media":0,"comment_status":"closed","ping_status":"closed","sticky":false,"template":"","format":"standard","meta":{"footnotes":""},"categories":[33],"tags":[],"class_list":["post-563","post","type-post","status-publish","format-standard","hentry","category-evenements-dans-les-ecoles"],"_links":{"self":[{"href":"https:\/\/ecole.ac-nice.fr\/nice1\/wp-json\/wp\/v2\/posts\/563","targetHints":{"allow":["GET"]}}],"collection":[{"href":"https:\/\/ecole.ac-nice.fr\/nice1\/wp-json\/wp\/v2\/posts"}],"about":[{"href":"https:\/\/ecole.ac-nice.fr\/nice1\/wp-json\/wp\/v2\/types\/post"}],"author":[{"embeddable":true,"href":"https:\/\/ecole.ac-nice.fr\/nice1\/wp-json\/wp\/v2\/users\/45"}],"replies":[{"embeddable":true,"href":"https:\/\/ecole.ac-nice.fr\/nice1\/wp-json\/wp\/v2\/comments?post=563"}],"version-history":[{"count":1,"href":"https:\/\/ecole.ac-nice.fr\/nice1\/wp-json\/wp\/v2\/posts\/563\/revisions"}],"predecessor-version":[{"id":566,"href":"https:\/\/ecole.ac-nice.fr\/nice1\/wp-json\/wp\/v2\/posts\/563\/revisions\/566"}],"wp:attachment":[{"href":"https:\/\/ecole.ac-nice.fr\/nice1\/wp-json\/wp\/v2\/media?parent=563"}],"wp:term":[{"taxonomy":"category","embeddable":true,"href":"https:\/\/ecole.ac-nice.fr\/nice1\/wp-json\/wp\/v2\/categories?post=563"},{"taxonomy":"post_tag","embeddable":true,"href":"https:\/\/ecole.ac-nice.fr\/nice1\/wp-json\/wp\/v2\/tags?post=563"}],"curies":[{"name":"wp","href":"https:\/\/api.w.org\/{rel}","templated":true}]}}