{"id":547,"date":"2018-06-18T20:05:43","date_gmt":"2018-06-18T18:05:43","guid":{"rendered":"http:\/\/ecole.ac-nice.fr\/nice1\/?p=547"},"modified":"2018-07-02T12:08:25","modified_gmt":"2018-07-02T10:08:25","slug":"hommage-a-pierre-merle","status":"publish","type":"post","link":"https:\/\/ecole.ac-nice.fr\/nice1\/blog\/hommage-a-pierre-merle\/","title":{"rendered":"Hommage \u00e0 Pierre Merle"},"content":{"rendered":"<div class=\"\">\n<div class=\"_1mf _1mj\">Instituteur et h\u00e9ros de la seconde guerre mondiale, Pierre Merle a \u00e9t\u00e9 mis \u00e0 l\u2019honneur ce lundi dans l\u2018\u00e9cole qui porte son nom.<\/div>\n<\/div>\n<div class=\"\">\n<div class=\"_1mf _1mj\">Une apr\u00e8s-midi pleine d\u2019\u00e9motions pour transmettre sa m\u00e9moire aux plus jeunes.<\/div>\n<\/div>\n<div>\u00a0<\/div>\n<p><!--more--><\/p>\n<p><a href=\"https:\/\/www.azur-tv.fr\/nice-hommage-a-pierre-merle-heros-nicois\/\"><img loading=\"lazy\" decoding=\"async\" class=\"size-medium wp-image-548 aligncenter\" src=\"https:\/\/ecole.ac-nice.fr\/nice1\/wp-content\/uploads\/2018\/07\/Homagge-PM-300x145.jpg\" alt=\"\" width=\"300\" height=\"145\" \/><\/a><\/p>\n","protected":false},"excerpt":{"rendered":"<p>Instituteur et h\u00e9ros de la seconde guerre mondiale, Pierre Merle a \u00e9t\u00e9 mis \u00e0 l\u2019honneur ce lundi dans l\u2018\u00e9cole qui porte son [&hellip;]<\/p>\n","protected":false},"author":2,"featured_media":0,"comment_status":"closed","ping_status":"closed","sticky":false,"template":"","format":"standard","meta":{"footnotes":""},"categories":[24],"tags":[],"class_list":["post-547","post","type-post","status-publish","format-standard","hentry","category-evenements"],"_links":{"self":[{"href":"https:\/\/ecole.ac-nice.fr\/nice1\/wp-json\/wp\/v2\/posts\/547","targetHints":{"allow":["GET"]}}],"collection":[{"href":"https:\/\/ecole.ac-nice.fr\/nice1\/wp-json\/wp\/v2\/posts"}],"about":[{"href":"https:\/\/ecole.ac-nice.fr\/nice1\/wp-json\/wp\/v2\/types\/post"}],"author":[{"embeddable":true,"href":"https:\/\/ecole.ac-nice.fr\/nice1\/wp-json\/wp\/v2\/users\/2"}],"replies":[{"embeddable":true,"href":"https:\/\/ecole.ac-nice.fr\/nice1\/wp-json\/wp\/v2\/comments?post=547"}],"version-history":[{"count":1,"href":"https:\/\/ecole.ac-nice.fr\/nice1\/wp-json\/wp\/v2\/posts\/547\/revisions"}],"predecessor-version":[{"id":549,"href":"https:\/\/ecole.ac-nice.fr\/nice1\/wp-json\/wp\/v2\/posts\/547\/revisions\/549"}],"wp:attachment":[{"href":"https:\/\/ecole.ac-nice.fr\/nice1\/wp-json\/wp\/v2\/media?parent=547"}],"wp:term":[{"taxonomy":"category","embeddable":true,"href":"https:\/\/ecole.ac-nice.fr\/nice1\/wp-json\/wp\/v2\/categories?post=547"},{"taxonomy":"post_tag","embeddable":true,"href":"https:\/\/ecole.ac-nice.fr\/nice1\/wp-json\/wp\/v2\/tags?post=547"}],"curies":[{"name":"wp","href":"https:\/\/api.w.org\/{rel}","templated":true}]}}