{"id":541,"date":"2018-02-02T11:59:59","date_gmt":"2018-02-02T10:59:59","guid":{"rendered":"http:\/\/ecole.ac-nice.fr\/nice1\/?p=541"},"modified":"2018-07-02T12:04:12","modified_gmt":"2018-07-02T10:04:12","slug":"inauguration-de-la-plaque-de-lecole-cassini","status":"publish","type":"post","link":"https:\/\/ecole.ac-nice.fr\/nice1\/blog\/inauguration-de-la-plaque-de-lecole-cassini\/","title":{"rendered":"Inauguration de la plaque de l&rsquo;\u00e9cole Cassini"},"content":{"rendered":"<p>Inauguration de la plaque de l&rsquo;\u00e9cole Cassini, 19 octobre 2017, en pr\u00e9sence de Mr Estrosi, maire de Nice.<\/p>\n<p><!--more--><\/p>\n<p><img loading=\"lazy\" decoding=\"async\" class=\"alignnone size-medium wp-image-542\" src=\"https:\/\/ecole.ac-nice.fr\/nice1\/wp-content\/uploads\/2018\/07\/DMfWf7KWAAcEHNW-300x200.jpg\" alt=\"\" width=\"300\" height=\"200\" \/> <img loading=\"lazy\" decoding=\"async\" class=\"alignnone size-medium wp-image-543\" src=\"https:\/\/ecole.ac-nice.fr\/nice1\/wp-content\/uploads\/2018\/07\/DMfWM5dXcAE6gsV-300x200.jpg\" alt=\"\" width=\"300\" height=\"200\" \/> <img loading=\"lazy\" decoding=\"async\" class=\"alignnone size-medium wp-image-544\" src=\"https:\/\/ecole.ac-nice.fr\/nice1\/wp-content\/uploads\/2018\/07\/IMG_20171019_104424-225x300.jpg\" alt=\"\" width=\"225\" height=\"300\" \/> <img loading=\"lazy\" decoding=\"async\" class=\"alignnone size-medium wp-image-545\" src=\"https:\/\/ecole.ac-nice.fr\/nice1\/wp-content\/uploads\/2018\/07\/IMG_20171019_110554-225x300.jpg\" alt=\"\" width=\"225\" height=\"300\" \/><\/p>\n","protected":false},"excerpt":{"rendered":"<p>Inauguration de la plaque de l&rsquo;\u00e9cole Cassini, 19 octobre 2017, en pr\u00e9sence de Mr Estrosi, maire de Nice.<\/p>\n","protected":false},"author":2,"featured_media":0,"comment_status":"closed","ping_status":"closed","sticky":false,"template":"","format":"standard","meta":{"footnotes":""},"categories":[24],"tags":[],"class_list":["post-541","post","type-post","status-publish","format-standard","hentry","category-evenements"],"_links":{"self":[{"href":"https:\/\/ecole.ac-nice.fr\/nice1\/wp-json\/wp\/v2\/posts\/541","targetHints":{"allow":["GET"]}}],"collection":[{"href":"https:\/\/ecole.ac-nice.fr\/nice1\/wp-json\/wp\/v2\/posts"}],"about":[{"href":"https:\/\/ecole.ac-nice.fr\/nice1\/wp-json\/wp\/v2\/types\/post"}],"author":[{"embeddable":true,"href":"https:\/\/ecole.ac-nice.fr\/nice1\/wp-json\/wp\/v2\/users\/2"}],"replies":[{"embeddable":true,"href":"https:\/\/ecole.ac-nice.fr\/nice1\/wp-json\/wp\/v2\/comments?post=541"}],"version-history":[{"count":1,"href":"https:\/\/ecole.ac-nice.fr\/nice1\/wp-json\/wp\/v2\/posts\/541\/revisions"}],"predecessor-version":[{"id":546,"href":"https:\/\/ecole.ac-nice.fr\/nice1\/wp-json\/wp\/v2\/posts\/541\/revisions\/546"}],"wp:attachment":[{"href":"https:\/\/ecole.ac-nice.fr\/nice1\/wp-json\/wp\/v2\/media?parent=541"}],"wp:term":[{"taxonomy":"category","embeddable":true,"href":"https:\/\/ecole.ac-nice.fr\/nice1\/wp-json\/wp\/v2\/categories?post=541"},{"taxonomy":"post_tag","embeddable":true,"href":"https:\/\/ecole.ac-nice.fr\/nice1\/wp-json\/wp\/v2\/tags?post=541"}],"curies":[{"name":"wp","href":"https:\/\/api.w.org\/{rel}","templated":true}]}}