{"id":533,"date":"2018-05-02T11:38:43","date_gmt":"2018-05-02T09:38:43","guid":{"rendered":"http:\/\/ecole.ac-nice.fr\/nice1\/?p=533"},"modified":"2018-07-02T11:48:17","modified_gmt":"2018-07-02T09:48:17","slug":"inauguration-de-la-plaque-de-la-capelina","status":"publish","type":"post","link":"https:\/\/ecole.ac-nice.fr\/nice1\/blog\/inauguration-de-la-plaque-de-la-capelina\/","title":{"rendered":"Inauguration de la plaque de la Cap\u00e9lina"},"content":{"rendered":"<p>Inauguration de la plaque de la Cap\u00e9lina, 29 mars 2018, en pr\u00e9sence de Mr Giaume, d\u00e9l\u00e9gu\u00e9 \u00e0 l&rsquo;Education de la ville de Nice et de Mme Orlando, IEN Nice 1<\/p>\n<p><!--more--><\/p>\n<p><img loading=\"lazy\" decoding=\"async\" class=\"alignnone size-medium wp-image-534 aligncenter\" src=\"https:\/\/ecole.ac-nice.fr\/nice1\/wp-content\/uploads\/2018\/07\/20180329_170109-300x225.jpg\" alt=\"\" width=\"300\" height=\"225\" \/> <img loading=\"lazy\" decoding=\"async\" class=\"alignnone size-medium wp-image-535 aligncenter\" src=\"https:\/\/ecole.ac-nice.fr\/nice1\/wp-content\/uploads\/2018\/07\/20180329_170534-300x225.jpg\" alt=\"\" width=\"300\" height=\"225\" \/><\/p>\n","protected":false},"excerpt":{"rendered":"<p>Inauguration de la plaque de la Cap\u00e9lina, 29 mars 2018, en pr\u00e9sence de Mr Giaume, d\u00e9l\u00e9gu\u00e9 \u00e0 l&rsquo;Education de la ville de [&hellip;]<\/p>\n","protected":false},"author":2,"featured_media":0,"comment_status":"closed","ping_status":"closed","sticky":false,"template":"","format":"standard","meta":{"footnotes":""},"categories":[24],"tags":[],"class_list":["post-533","post","type-post","status-publish","format-standard","hentry","category-evenements"],"_links":{"self":[{"href":"https:\/\/ecole.ac-nice.fr\/nice1\/wp-json\/wp\/v2\/posts\/533","targetHints":{"allow":["GET"]}}],"collection":[{"href":"https:\/\/ecole.ac-nice.fr\/nice1\/wp-json\/wp\/v2\/posts"}],"about":[{"href":"https:\/\/ecole.ac-nice.fr\/nice1\/wp-json\/wp\/v2\/types\/post"}],"author":[{"embeddable":true,"href":"https:\/\/ecole.ac-nice.fr\/nice1\/wp-json\/wp\/v2\/users\/2"}],"replies":[{"embeddable":true,"href":"https:\/\/ecole.ac-nice.fr\/nice1\/wp-json\/wp\/v2\/comments?post=533"}],"version-history":[{"count":2,"href":"https:\/\/ecole.ac-nice.fr\/nice1\/wp-json\/wp\/v2\/posts\/533\/revisions"}],"predecessor-version":[{"id":537,"href":"https:\/\/ecole.ac-nice.fr\/nice1\/wp-json\/wp\/v2\/posts\/533\/revisions\/537"}],"wp:attachment":[{"href":"https:\/\/ecole.ac-nice.fr\/nice1\/wp-json\/wp\/v2\/media?parent=533"}],"wp:term":[{"taxonomy":"category","embeddable":true,"href":"https:\/\/ecole.ac-nice.fr\/nice1\/wp-json\/wp\/v2\/categories?post=533"},{"taxonomy":"post_tag","embeddable":true,"href":"https:\/\/ecole.ac-nice.fr\/nice1\/wp-json\/wp\/v2\/tags?post=533"}],"curies":[{"name":"wp","href":"https:\/\/api.w.org\/{rel}","templated":true}]}}