{"id":950,"date":"2021-02-18T10:56:05","date_gmt":"2021-02-18T09:56:05","guid":{"rendered":"http:\/\/ecole.ac-nice.fr\/nice1\/papon\/?p=950"},"modified":"2021-02-18T11:02:33","modified_gmt":"2021-02-18T10:02:33","slug":"carnaval-2021","status":"publish","type":"post","link":"https:\/\/ecole.ac-nice.fr\/nice1\/papon\/carnaval-2021\/","title":{"rendered":"CARNAVAL 2021"},"content":{"rendered":"<p style=\"text-align: left\">Et voil\u00e0, nous avons pass\u00e9 un tr\u00e8s agr\u00e9able moment.Cette petite f\u00eate nous a permis d&rsquo;oublier les tracas du quotidien. Nous avons dans\u00e9 et nous nous sommes bien amus\u00e9s.<\/p>\n<p style=\"text-align: left\">Les photos :<\/p>\n<ul style=\"text-align: left\">\n<li><a href=\"https:\/\/ecole.ac-nice.fr\/nice1\/papon\/wp-content\/uploads\/sites\/27\/2021\/02\/Carnaval-2021-les-cycles-3-.pdf\">des grands<\/a><\/li>\n<li><a href=\"https:\/\/ecole.ac-nice.fr\/nice1\/papon\/wp-content\/uploads\/sites\/27\/2021\/02\/Carnaval-2021-les-cycles-2-.pdf\">des petits<\/a><\/li>\n<li><a href=\"https:\/\/ecole.ac-nice.fr\/nice1\/papon\/wp-content\/uploads\/sites\/27\/2021\/02\/Carnaval-2021-les-enseignants.pdf\">des enseignants<\/a><\/li>\n<\/ul>\n<p style=\"text-align: left\">Bonnes vacances \u00e0 tous<\/p>\n","protected":false},"excerpt":{"rendered":"<p>Et voil\u00e0, nous avons pass\u00e9 un tr\u00e8s agr\u00e9able moment.Cette petite f\u00eate nous a permis d&rsquo;oublier les tracas du quotidien. Nous avons dans\u00e9 et nous nous sommes bien amus\u00e9s. Les photos : des grands des petits des enseignants Bonnes vacances \u00e0 tous<\/p>\n","protected":false},"author":46,"featured_media":0,"comment_status":"closed","ping_status":"open","sticky":false,"template":"","format":"standard","meta":{"footnotes":""},"categories":[1,43],"tags":[],"class_list":["post-950","post","type-post","status-publish","format-standard","hentry","category-evenementselem","category-nouvelleselem"],"_links":{"self":[{"href":"https:\/\/ecole.ac-nice.fr\/nice1\/papon\/wp-json\/wp\/v2\/posts\/950","targetHints":{"allow":["GET"]}}],"collection":[{"href":"https:\/\/ecole.ac-nice.fr\/nice1\/papon\/wp-json\/wp\/v2\/posts"}],"about":[{"href":"https:\/\/ecole.ac-nice.fr\/nice1\/papon\/wp-json\/wp\/v2\/types\/post"}],"author":[{"embeddable":true,"href":"https:\/\/ecole.ac-nice.fr\/nice1\/papon\/wp-json\/wp\/v2\/users\/46"}],"replies":[{"embeddable":true,"href":"https:\/\/ecole.ac-nice.fr\/nice1\/papon\/wp-json\/wp\/v2\/comments?post=950"}],"version-history":[{"count":2,"href":"https:\/\/ecole.ac-nice.fr\/nice1\/papon\/wp-json\/wp\/v2\/posts\/950\/revisions"}],"predecessor-version":[{"id":956,"href":"https:\/\/ecole.ac-nice.fr\/nice1\/papon\/wp-json\/wp\/v2\/posts\/950\/revisions\/956"}],"wp:attachment":[{"href":"https:\/\/ecole.ac-nice.fr\/nice1\/papon\/wp-json\/wp\/v2\/media?parent=950"}],"wp:term":[{"taxonomy":"category","embeddable":true,"href":"https:\/\/ecole.ac-nice.fr\/nice1\/papon\/wp-json\/wp\/v2\/categories?post=950"},{"taxonomy":"post_tag","embeddable":true,"href":"https:\/\/ecole.ac-nice.fr\/nice1\/papon\/wp-json\/wp\/v2\/tags?post=950"}],"curies":[{"name":"wp","href":"https:\/\/api.w.org\/{rel}","templated":true}]}}