{"id":945,"date":"2021-04-04T13:44:09","date_gmt":"2021-04-04T11:44:09","guid":{"rendered":"http:\/\/ecole.ac-nice.fr\/nice1\/papon\/?p=945"},"modified":"2021-04-29T09:33:29","modified_gmt":"2021-04-29T07:33:29","slug":"informations-covid-4-cas-positifs-a-lecole","status":"publish","type":"post","link":"https:\/\/ecole.ac-nice.fr\/nice1\/papon\/informations-covid-4-cas-positifs-a-lecole\/","title":{"rendered":"INFORMATIONS COVID"},"content":{"rendered":"<h2 class=\"entry-title\" style=\"text-align: left\">Nouveau protocole sanitaire<\/h2>\n<h6 class=\"entry-title\" style=\"text-align: left\">Chers parents,<\/h6>\n<div class=\"entry-content\">\n<p class=\"western\" style=\"text-align: left\" align=\"justify\">un nouveau protocole sanitaire pour le fonctionnement des \u00e9coles a \u00e9t\u00e9 publi\u00e9 le 23\/04\/2021.<\/p>\n<p class=\"western\" style=\"text-align: left\" align=\"justify\">6 mesures principales doivent retenir votre attention\u00a0:<\/p>\n<ul style=\"text-align: left\">\n<li style=\"list-style-type: none\">\n<ul>\n<li><b>A compter du 26 avril, la survenue d\u2019un cas confirm\u00e9 parmi les \u00e9l\u00e8ves entra\u00eene syst\u00e9matiquement la fermeture de la classe \u00e0 laquelle appartient l\u2019\u00e9l\u00e8ve pour une dur\u00e9e de 7 jours.<\/b><\/li>\n<\/ul>\n<\/li>\n<\/ul>\n<ul style=\"text-align: left\">\n<li style=\"list-style-type: none\">\n<ul>\n<li><b>Lorsqu\u2019un enseignant est absent mais non remplac\u00e9, les \u00e9l\u00e8ves ne peuvent en aucun cas \u00eatre r\u00e9partis dans les autres classes. L\u2019accueil des \u00e9l\u00e8ves est suspendu dans l\u2019attente de l\u2019arriv\u00e9e d\u2019un professeur rempla\u00e7ant ou du retour de l\u2019enseignant titulaire.<\/b><\/li>\n<\/ul>\n<\/li>\n<\/ul>\n<ul style=\"text-align: left\">\n<li style=\"list-style-type: none\">\n<ul>\n<li><b>Les responsables l\u00e9gaux des enfants doivent surveiller la temp\u00e9rature des \u00e9l\u00e8ves chaque matin et s\u2019abstenir d\u2019envoyer \u00e0 l\u2019\u00e9cole les enfants fi\u00e9vreux et\/ou symptomatiques.<\/b><\/li>\n<\/ul>\n<\/li>\n<\/ul>\n<ul style=\"text-align: left\">\n<li style=\"list-style-type: none\">\n<ul>\n<li><u>La distanciation physique de 2 m\u00e8tres entre groupes \u00e0 la cantine<\/u>\u00a0: <b>cette mesure est d\u00e9j\u00e0 respect\u00e9e \u00e0 l\u2019\u00e9cole JP PAPON<\/b>. En outre, les \u00e9l\u00e8ves, qui mangent d\u00e9j\u00e0 classe par classe, sont invit\u00e9s \u00e0 s\u2019asseoir toujours \u00e0 la m\u00eame place et \u00e0 c\u00f4t\u00e9 des m\u00eames camarades.<\/li>\n<\/ul>\n<\/li>\n<\/ul>\n<ul style=\"text-align: left\">\n<li style=\"list-style-type: none\">\n<ul>\n<li><u>Le port du masque \u00ab grand public \u00bb de cat\u00e9gorie 1 est <\/u><u>toujours <\/u><u>la r\u00e8gle <\/u><u>pour tous les adultes de l\u2019\u00e9cole et tous les \u00e9l\u00e8ves d\u00e8s le CP.<\/u> <i><u>Rappel<\/u><\/i><i>\u00a0: il convient de changer le masque \u00e0 la mi-journ\u00e9e et il faut continuer \u00e0 fournir 2 masques de cat\u00e9gorie 1 par jour \u00e0 votre enfant.<\/i><\/li>\n<\/ul>\n<\/li>\n<\/ul>\n<ul style=\"text-align: left\">\n<li style=\"list-style-type: none\">\n<ul>\n<li><u>L\u2019a\u00e9ration des locaux est renforc\u00e9e :<\/u> mesure toujours la plus simple \u00e0 respecter\u2026.<\/li>\n<\/ul>\n<\/li>\n<\/ul>\n<p class=\"western\" style=\"text-align: left\" align=\"justify\"><u>Dur\u00e9e des p\u00e9riodes d\u2019isolement\u00a0 et retour en classe :<br \/>\n<\/u><\/p>\n<ul style=\"text-align: left\">\n<li style=\"list-style-type: none\">\n<ul>\n<li><b>Les \u00e9l\u00e8ves cas positifs<\/b> sont isol\u00e9s pour une <b>dur\u00e9e minimale de 10 jours<\/b>\u00a0: pour les cas symptomatiques \u00e0 partir de la date des premiers sympt\u00f4mes\u00a0; pour les cas asymptomatiques, \u00e0 partir de la date de pr\u00e9l\u00e8vement.<\/li>\n<\/ul>\n<\/li>\n<\/ul>\n<ul style=\"text-align: left\">\n<li style=\"list-style-type: none\">\n<ul>\n<li><b>Les cas consid\u00e9r\u00e9s comme contact<\/b><b>s<\/b><b> \u00e0 risque<\/b><b>s<\/b> (cas contacts) sont isol\u00e9s pour une <b>dur\u00e9e de 7 jours<\/b>.<\/li>\n<\/ul>\n<\/li>\n<\/ul>\n<ul style=\"text-align: left\">\n<li style=\"list-style-type: none\">\n<ul>\n<li><b>A l\u2019issue de la p\u00e9riode d\u2019isolement <\/b><b>des cas contacts <\/b>(correspondant par exemple \u00e0 la fermeture d\u2019une classe) les responsables l\u00e9gaux des \u00e9l\u00e8ves de plus de 6 ans devront fournir <b>le r\u00e9sultat n\u00e9gatif d\u2019un test ou <\/b><b>attester sur l\u2019honneur de la r\u00e9alisation d\u2019un test par l\u2019\u00e9l\u00e8ve et du r\u00e9sultat n\u00e9gatif de celui-ci<\/b>. <i><u>En l\u2019absence d\u2019un tel document<\/u><\/i><i>,<\/i><i> l\u2019\u00e9viction sera maintenue jusqu\u2019\u00e0 la <\/i><i>production de cette attestation ou du r\u00e9sultat n\u00e9gatif du test ou \u00e0 d\u00e9faut pour une <\/i><i><u>dur\u00e9e maximale de 14 jours<\/u><\/i><i>.<\/i><\/li>\n<\/ul>\n<\/li>\n<\/ul>\n<p class=\"western\" style=\"text-align: left\" align=\"justify\"><u>Situation particuli\u00e8re des \u00e9l\u00e8ves de maternelle\u00a0:<\/u><\/p>\n<ul style=\"text-align: left\">\n<li style=\"list-style-type: none\">\n<ul>\n<li><b>La r\u00e9alisation du test RT-PCR sur pr\u00e9l\u00e8vement salivaire pour les enfants de moins de 6 ans est fortement recommand\u00e9e<\/b>. Le retour \u00e0 l\u2019\u00e9cole pourra intervenir dans les d\u00e9lais suivants\u00a0:<\/li>\n<\/ul>\n<\/li>\n<\/ul>\n<ul style=\"text-align: left\">\n<li style=\"list-style-type: none\">\n<ul>\n<li style=\"list-style-type: none\">\n<ol>\n<li><u>Pour les contacts \u00e0 risque <\/u><u><b>hors foyer familial<\/b><\/u><u>,<\/u> <b>apr\u00e8s 7 jours<\/b> d\u2019isolement du dernier contact avec le cas av\u00e9r\u00e9, en l\u2019absence de sympt\u00f4mes \u00e9vocateurs de la Covid-19.<\/li>\n<li><u>Pour les contacts \u00e0 risque <strong>au sein du<\/strong><\/u><u><b> foyer familial<\/b><\/u>, apr\u00e8s 7 jours en l\u2019absence de sympt\u00f4mes \u00e9vocateurs de la Covid-19 <i><b>apr\u00e8s<\/b><\/i><i> <\/i>la gu\u00e9rison du cas confirm\u00e9 (10 jours apr\u00e8s l\u2019apparition des sympt\u00f4mes ou 10 jours apr\u00e8s le pr\u00e9l\u00e8vement positif) soit <b>apr\u00e8s 17 jours.<\/b><\/li>\n<\/ol>\n<\/li>\n<\/ul>\n<\/li>\n<\/ul>\n<p class=\"western\" style=\"text-align: left\" align=\"justify\">Nous savons pouvoir compter sur votre compr\u00e9hension et votre collaboration pour appliquer le strict respect des mesures barri\u00e8res ; vous pouvez compter sur l\u2019engagement de l&rsquo;\u00e9quipe. Ensemble nous r\u00e9ussirons !<\/p>\n<p class=\"western\" style=\"text-align: left\" align=\"justify\">Bien cordialement<\/p>\n<p style=\"text-align: left\" align=\"justify\">Mme BARRUEL et Mme ZERMATI<\/p>\n<\/div>\n","protected":false},"excerpt":{"rendered":"<p>Nouveau protocole sanitaire Chers parents, un nouveau protocole sanitaire pour le fonctionnement des \u00e9coles a \u00e9t\u00e9 publi\u00e9 le 23\/04\/2021. 6 mesures principales doivent retenir votre attention\u00a0: A compter du 26 avril, la survenue d\u2019un cas confirm\u00e9 parmi les \u00e9l\u00e8ves entra\u00eene syst\u00e9matiquement la fermeture de la classe \u00e0 laquelle appartient l\u2019\u00e9l\u00e8ve pour une dur\u00e9e de 7 &hellip; <a href=\"https:\/\/ecole.ac-nice.fr\/nice1\/papon\/informations-covid-4-cas-positifs-a-lecole\/\" class=\"more-link\">Continuer la lecture de <span class=\"screen-reader-text\">INFORMATIONS COVID<\/span> <span class=\"meta-nav\">&rarr;<\/span><\/a><\/p>\n","protected":false},"author":46,"featured_media":0,"comment_status":"closed","ping_status":"open","sticky":false,"template":"","format":"standard","meta":{"footnotes":""},"categories":[43,45],"tags":[],"class_list":["post-945","post","type-post","status-publish","format-standard","hentry","category-nouvelleselem","category-nouvellesmat"],"_links":{"self":[{"href":"https:\/\/ecole.ac-nice.fr\/nice1\/papon\/wp-json\/wp\/v2\/posts\/945","targetHints":{"allow":["GET"]}}],"collection":[{"href":"https:\/\/ecole.ac-nice.fr\/nice1\/papon\/wp-json\/wp\/v2\/posts"}],"about":[{"href":"https:\/\/ecole.ac-nice.fr\/nice1\/papon\/wp-json\/wp\/v2\/types\/post"}],"author":[{"embeddable":true,"href":"https:\/\/ecole.ac-nice.fr\/nice1\/papon\/wp-json\/wp\/v2\/users\/46"}],"replies":[{"embeddable":true,"href":"https:\/\/ecole.ac-nice.fr\/nice1\/papon\/wp-json\/wp\/v2\/comments?post=945"}],"version-history":[{"count":9,"href":"https:\/\/ecole.ac-nice.fr\/nice1\/papon\/wp-json\/wp\/v2\/posts\/945\/revisions"}],"predecessor-version":[{"id":962,"href":"https:\/\/ecole.ac-nice.fr\/nice1\/papon\/wp-json\/wp\/v2\/posts\/945\/revisions\/962"}],"wp:attachment":[{"href":"https:\/\/ecole.ac-nice.fr\/nice1\/papon\/wp-json\/wp\/v2\/media?parent=945"}],"wp:term":[{"taxonomy":"category","embeddable":true,"href":"https:\/\/ecole.ac-nice.fr\/nice1\/papon\/wp-json\/wp\/v2\/categories?post=945"},{"taxonomy":"post_tag","embeddable":true,"href":"https:\/\/ecole.ac-nice.fr\/nice1\/papon\/wp-json\/wp\/v2\/tags?post=945"}],"curies":[{"name":"wp","href":"https:\/\/api.w.org\/{rel}","templated":true}]}}