{"id":930,"date":"2020-12-17T15:48:27","date_gmt":"2020-12-17T14:48:27","guid":{"rendered":"http:\/\/ecole.ac-nice.fr\/nice1\/papon\/?p=930"},"modified":"2021-10-22T15:35:28","modified_gmt":"2021-10-22T13:35:28","slug":"repas-de-noel","status":"publish","type":"post","link":"https:\/\/ecole.ac-nice.fr\/nice1\/papon\/repas-de-noel\/","title":{"rendered":"Repas de No\u00ebl"},"content":{"rendered":"<p style=\"text-align: center\">Les enfants se sont bien amus\u00e9s gr\u00e2ce aux animations propos\u00e9es par la mairie de Nice .<\/p>\n<p style=\"text-align: center\">Ils ont pu d\u00e9guster un d\u00e9licieux repas aux c\u00f4t\u00e9s du p\u00e8re No\u00ebl \ud83d\ude42<\/p>\n<p><img decoding=\"async\" src=\"https:\/\/ecole.ac-nice.fr\/nice1\/papon\/wp-content\/uploads\/sites\/27\/2020\/12\/Noel-1.jpeg\" \/> en maternelle<\/p>\n<p style=\"text-align: center\"><a href=\"https:\/\/ecole.ac-nice.fr\/nice1\/papon\/wp-content\/uploads\/sites\/27\/2020\/12\/Noel-Menu.pdf\">Menus de l&rsquo;\u00e9l\u00e9mentaire puis de la maternelle<\/a><\/p>\n<p>en \u00e9l\u00e9mentaire<\/p>\n<p><img decoding=\"async\" src=\"https:\/\/ecole.ac-nice.fr\/nice1\/papon\/wp-content\/uploads\/sites\/27\/2020\/12\/Noel-2-scaled.jpg\" \/><\/p>\n<p><img decoding=\"async\" src=\"https:\/\/ecole.ac-nice.fr\/nice1\/papon\/wp-content\/uploads\/sites\/27\/2020\/12\/Noel-3-scaled.jpg\" \/><\/p>\n","protected":false},"excerpt":{"rendered":"<p>Les enfants se sont bien amus\u00e9s gr\u00e2ce aux animations propos\u00e9es par la mairie de Nice . Ils ont pu d\u00e9guster un d\u00e9licieux repas aux c\u00f4t\u00e9s du p\u00e8re No\u00ebl \ud83d\ude42 en maternelle Menus de l&rsquo;\u00e9l\u00e9mentaire puis de la maternelle en \u00e9l\u00e9mentaire<\/p>\n","protected":false},"author":46,"featured_media":0,"comment_status":"closed","ping_status":"open","sticky":false,"template":"","format":"standard","meta":{"footnotes":""},"categories":[29,47],"tags":[],"class_list":["post-930","post","type-post","status-publish","format-standard","hentry","category-projetsmat","category-projetselem"],"_links":{"self":[{"href":"https:\/\/ecole.ac-nice.fr\/nice1\/papon\/wp-json\/wp\/v2\/posts\/930","targetHints":{"allow":["GET"]}}],"collection":[{"href":"https:\/\/ecole.ac-nice.fr\/nice1\/papon\/wp-json\/wp\/v2\/posts"}],"about":[{"href":"https:\/\/ecole.ac-nice.fr\/nice1\/papon\/wp-json\/wp\/v2\/types\/post"}],"author":[{"embeddable":true,"href":"https:\/\/ecole.ac-nice.fr\/nice1\/papon\/wp-json\/wp\/v2\/users\/46"}],"replies":[{"embeddable":true,"href":"https:\/\/ecole.ac-nice.fr\/nice1\/papon\/wp-json\/wp\/v2\/comments?post=930"}],"version-history":[{"count":5,"href":"https:\/\/ecole.ac-nice.fr\/nice1\/papon\/wp-json\/wp\/v2\/posts\/930\/revisions"}],"predecessor-version":[{"id":940,"href":"https:\/\/ecole.ac-nice.fr\/nice1\/papon\/wp-json\/wp\/v2\/posts\/930\/revisions\/940"}],"wp:attachment":[{"href":"https:\/\/ecole.ac-nice.fr\/nice1\/papon\/wp-json\/wp\/v2\/media?parent=930"}],"wp:term":[{"taxonomy":"category","embeddable":true,"href":"https:\/\/ecole.ac-nice.fr\/nice1\/papon\/wp-json\/wp\/v2\/categories?post=930"},{"taxonomy":"post_tag","embeddable":true,"href":"https:\/\/ecole.ac-nice.fr\/nice1\/papon\/wp-json\/wp\/v2\/tags?post=930"}],"curies":[{"name":"wp","href":"https:\/\/api.w.org\/{rel}","templated":true}]}}