{"id":866,"date":"2020-11-12T14:11:38","date_gmt":"2020-11-12T13:11:38","guid":{"rendered":"http:\/\/ecole.ac-nice.fr\/nice1\/papon\/?p=866"},"modified":"2020-12-01T14:25:44","modified_gmt":"2020-12-01T13:25:44","slug":"attention-aux-ecrans-2","status":"publish","type":"post","link":"https:\/\/ecole.ac-nice.fr\/nice1\/papon\/attention-aux-ecrans-2\/","title":{"rendered":"Attention aux \u00e9crans! (maternelle)"},"content":{"rendered":"<p lang=\"fr-FR\">Chers parents, <img loading=\"lazy\" decoding=\"async\" class=\"alignright\" src=\"https:\/\/ecole.ac-nice.fr\/nice1\/papon\/wp-content\/uploads\/sites\/27\/2020\/11\/Labus-decrans-modifierait-le-cerveau-des-enfants-et-des-adolescents-2-800x445-1.png\" alt=\"\" width=\"214\" height=\"119\" \/><\/p>\n<p lang=\"fr-FR\">Depuis l&rsquo;ann\u00e9e derni\u00e8re, nous nous sommes aper\u00e7us que de nombreux enfants passaient beaucoup de temps devant les \u00e9crans. Voici quelques conseils :<\/p>\n<p lang=\"fr-FR\"><img loading=\"lazy\" decoding=\"async\" class=\"\" src=\"https:\/\/ecole.ac-nice.fr\/nice1\/papon\/wp-content\/uploads\/sites\/27\/2020\/11\/image-ecran.png\" alt=\"\" width=\"689\" height=\"488\" \/><\/p>\n<p lang=\"fr-FR\"><strong>Quelque soit l&rsquo;\u00e2ge de l&rsquo;enfant voici les r\u00e8gles essentielles :<\/strong><\/p>\n<p lang=\"fr-FR\"><img loading=\"lazy\" decoding=\"async\" class=\"alignnone\" src=\"https:\/\/ecole.ac-nice.fr\/nice1\/papon\/wp-content\/uploads\/sites\/27\/2020\/11\/les-4-pas.png\" alt=\"\" width=\"631\" height=\"720\" \/><\/p>\n<p lang=\"fr-FR\">De plus, certains avaient acc\u00e8s \u00e0 des documents inadapt\u00e9s \u00e0 leurs \u00e2ges (vid\u00e9os, jeux vid\u00e9os, contenus internet\u2026).<\/p>\n<p lang=\"fr-FR\"><strong>Nous vous demandons la plus grande vigilance quant aux contenus de ce qui leur est accessible, car les informations circulent ensuite \u00e0 l\u2019\u00e9cole et peuvent choquer d\u2019autres \u00e9l\u00e8ves, malgr\u00e9 notre vigilance.<\/strong><\/p>\n<p lang=\"fr-FR\">Sur les \u00e9crans, nos enfants ne voient pas la m\u00eame chose que nous et certaines images peuvent susciter chez eux des \u00e9motions complexes et parfois diff\u00e9rentes de ce qu\u2019un adulte ou un enfant plus \u00e2g\u00e9 pourrait ressentir.<\/p>\n<p lang=\"fr-FR\"><u>Voici quelques conseils afin de pr\u00e9server leur innocence selon le CSA:<\/u><\/p>\n<ul>\n<li>\n<p lang=\"fr-FR\">\u00c9vitez d\u2019installer la t\u00e9l\u00e9vision dans la chambre de l\u2019enfant ou de lui laisser une tablette. Cela contribue \u00e0 l\u2019isoler de la vie familiale et vous emp\u00eache de savoir ce qu\u2019il regarde.<\/p>\n<\/li>\n<\/ul>\n<ul>\n<li>\n<p lang=\"fr-FR\">Quand vous le pouvez, essayez d\u2019\u00eatre pr\u00e9sent aux c\u00f4t\u00e9s de votre enfant lorsqu\u2019il regarde des images sur \u00e9cran.<\/p>\n<\/li>\n<\/ul>\n<ul>\n<li>\n<p lang=\"fr-FR\">\u00a0N\u2019oubliez pas de r\u00e9server des moments d\u2019\u00e9change en famille sans \u00e9cran\u00a0: jeux, activit\u00e9s physiques, repas, discussions, sorties\u2026<\/p>\n<\/li>\n<\/ul>\n<p><img decoding=\"async\" src=\"https:\/\/ecole.ac-nice.fr\/nice1\/papon\/wp-content\/uploads\/sites\/27\/2020\/11\/lte-affiche-risques.jpg\" alt=\"\" \/><\/p>\n<p lang=\"fr-FR\">Ces informations sont l\u00e0 pour nous aider \u00e0 mieux r\u00e9agir face \u00e0 la multitude de messages et de sollicitations, \u00e0 aborder la place des \u00e9crans et du num\u00e9rique dans les diff\u00e9rents environnements de la vie des jeunes permet de bien situer le r\u00f4le \u00e9ducatif des adultes.<\/p>\n<p lang=\"fr-FR\">Merci de nous aider \u00e0 pr\u00e9server vos enfants des dangers des \u00e9crans<\/p>\n<p lang=\"fr-FR\">L\u2019\u00e9quipe enseignante<\/p>\n","protected":false},"excerpt":{"rendered":"<p>Chers parents, Depuis l&rsquo;ann\u00e9e derni\u00e8re, nous nous sommes aper\u00e7us que de nombreux enfants passaient beaucoup de temps devant les \u00e9crans. Voici quelques conseils : Quelque soit l&rsquo;\u00e2ge de l&rsquo;enfant voici les r\u00e8gles essentielles : De plus, certains avaient acc\u00e8s \u00e0 des documents inadapt\u00e9s \u00e0 leurs \u00e2ges (vid\u00e9os, jeux vid\u00e9os, contenus internet\u2026). Nous vous demandons la &hellip; <a href=\"https:\/\/ecole.ac-nice.fr\/nice1\/papon\/attention-aux-ecrans-2\/\" class=\"more-link\">Continuer la lecture de <span class=\"screen-reader-text\">Attention aux \u00e9crans! (maternelle)<\/span> <span class=\"meta-nav\">&rarr;<\/span><\/a><\/p>\n","protected":false},"author":46,"featured_media":0,"comment_status":"closed","ping_status":"open","sticky":false,"template":"","format":"standard","meta":{"footnotes":""},"categories":[45],"tags":[],"class_list":["post-866","post","type-post","status-publish","format-standard","hentry","category-nouvellesmat"],"_links":{"self":[{"href":"https:\/\/ecole.ac-nice.fr\/nice1\/papon\/wp-json\/wp\/v2\/posts\/866","targetHints":{"allow":["GET"]}}],"collection":[{"href":"https:\/\/ecole.ac-nice.fr\/nice1\/papon\/wp-json\/wp\/v2\/posts"}],"about":[{"href":"https:\/\/ecole.ac-nice.fr\/nice1\/papon\/wp-json\/wp\/v2\/types\/post"}],"author":[{"embeddable":true,"href":"https:\/\/ecole.ac-nice.fr\/nice1\/papon\/wp-json\/wp\/v2\/users\/46"}],"replies":[{"embeddable":true,"href":"https:\/\/ecole.ac-nice.fr\/nice1\/papon\/wp-json\/wp\/v2\/comments?post=866"}],"version-history":[{"count":6,"href":"https:\/\/ecole.ac-nice.fr\/nice1\/papon\/wp-json\/wp\/v2\/posts\/866\/revisions"}],"predecessor-version":[{"id":905,"href":"https:\/\/ecole.ac-nice.fr\/nice1\/papon\/wp-json\/wp\/v2\/posts\/866\/revisions\/905"}],"wp:attachment":[{"href":"https:\/\/ecole.ac-nice.fr\/nice1\/papon\/wp-json\/wp\/v2\/media?parent=866"}],"wp:term":[{"taxonomy":"category","embeddable":true,"href":"https:\/\/ecole.ac-nice.fr\/nice1\/papon\/wp-json\/wp\/v2\/categories?post=866"},{"taxonomy":"post_tag","embeddable":true,"href":"https:\/\/ecole.ac-nice.fr\/nice1\/papon\/wp-json\/wp\/v2\/tags?post=866"}],"curies":[{"name":"wp","href":"https:\/\/api.w.org\/{rel}","templated":true}]}}