{"id":813,"date":"2020-11-03T11:30:32","date_gmt":"2020-11-03T10:30:32","guid":{"rendered":"http:\/\/ecole.ac-nice.fr\/nice1\/papon\/?p=813"},"modified":"2021-10-22T15:35:37","modified_gmt":"2021-10-22T13:35:37","slug":"fete-de-la-science-2020","status":"publish","type":"post","link":"https:\/\/ecole.ac-nice.fr\/nice1\/papon\/fete-de-la-science-2020\/","title":{"rendered":"F\u00caTE DE LA SCIENCE 2020"},"content":{"rendered":"<p style=\"text-align: center\">\u00a0\u00a0\u00a0\u00a0 Cette ann\u00e9e encore, l&rsquo;\u00e9cole Papon a organis\u00e9 la f\u00eate de la science pour les enfants.\u00a0\u00a0\u00a0\u00a0\u00a0\u00a0\u00a0\u00a0\u00a0 Le th\u00e8me \u00e9tait l&rsquo;astronomie.<\/p>\n<p style=\"text-align: center\">Notre syst\u00e8me solaire<\/p>\n<p style=\"text-align: center\"><img loading=\"lazy\" decoding=\"async\" class=\"\" src=\"https:\/\/ecole.ac-nice.fr\/nice1\/papon\/wp-content\/uploads\/sites\/27\/2020\/11\/20201008_143952-scaled-e1604399714117.jpg\" width=\"559\" height=\"346\" \/><\/p>\n<p style=\"text-align: center\"><img loading=\"lazy\" decoding=\"async\" class=\"\" src=\"https:\/\/ecole.ac-nice.fr\/nice1\/papon\/wp-content\/uploads\/sites\/27\/2020\/11\/20201008_144005-scaled.jpg\" alt=\"\" width=\"267\" height=\"200\" \/> \u00a0\u00a0\u00a0\u00a0 <img loading=\"lazy\" decoding=\"async\" class=\"\" src=\"https:\/\/ecole.ac-nice.fr\/nice1\/papon\/wp-content\/uploads\/sites\/27\/2020\/11\/20201008_143958-scaled.jpg\" alt=\"\" width=\"271\" height=\"203\" \/><\/p>\n<p style=\"text-align: center\">Nos crat\u00e8res lunaires<\/p>\n<p style=\"text-align: center\"><img loading=\"lazy\" decoding=\"async\" class=\"\" src=\"https:\/\/ecole.ac-nice.fr\/nice1\/papon\/wp-content\/uploads\/sites\/27\/2020\/11\/20201009_094832-scaled.jpg\" alt=\"\" width=\"124\" height=\"220\" \/> \u00a0 \u00a0 <img loading=\"lazy\" decoding=\"async\" class=\"\" src=\"https:\/\/ecole.ac-nice.fr\/nice1\/papon\/wp-content\/uploads\/sites\/27\/2020\/11\/20201009_095359-scaled.jpg\" alt=\"\" width=\"218\" height=\"163\" \/> \u00a0\u00a0\u00a0 <img loading=\"lazy\" decoding=\"async\" class=\"\" src=\"https:\/\/ecole.ac-nice.fr\/nice1\/papon\/wp-content\/uploads\/sites\/27\/2020\/11\/20201009_095122-scaled.jpg\" width=\"223\" height=\"167\" \/><\/p>\n<p style=\"text-align: center\"><img decoding=\"async\" src=\"https:\/\/ecole.ac-nice.fr\/nice1\/papon\/wp-content\/uploads\/sites\/27\/2020\/11\/20201008_153854-scaled.jpg\" \/><\/p>\n<p><img loading=\"lazy\" decoding=\"async\" class=\"aligncenter\" src=\"https:\/\/ecole.ac-nice.fr\/nice1\/papon\/wp-content\/uploads\/sites\/27\/2020\/11\/20201008_143502-scaled.jpg\" alt=\"\" width=\"2560\" height=\"1920\" \/><\/p>\n","protected":false},"excerpt":{"rendered":"<p>\u00a0\u00a0\u00a0\u00a0 Cette ann\u00e9e encore, l&rsquo;\u00e9cole Papon a organis\u00e9 la f\u00eate de la science pour les enfants.\u00a0\u00a0\u00a0\u00a0\u00a0\u00a0\u00a0\u00a0\u00a0 Le th\u00e8me \u00e9tait l&rsquo;astronomie. Notre syst\u00e8me solaire \u00a0\u00a0\u00a0\u00a0 Nos crat\u00e8res lunaires \u00a0 \u00a0 \u00a0\u00a0\u00a0<\/p>\n","protected":false},"author":46,"featured_media":0,"comment_status":"closed","ping_status":"open","sticky":false,"template":"","format":"standard","meta":{"footnotes":""},"categories":[47],"tags":[],"class_list":["post-813","post","type-post","status-publish","format-standard","hentry","category-projetselem"],"_links":{"self":[{"href":"https:\/\/ecole.ac-nice.fr\/nice1\/papon\/wp-json\/wp\/v2\/posts\/813","targetHints":{"allow":["GET"]}}],"collection":[{"href":"https:\/\/ecole.ac-nice.fr\/nice1\/papon\/wp-json\/wp\/v2\/posts"}],"about":[{"href":"https:\/\/ecole.ac-nice.fr\/nice1\/papon\/wp-json\/wp\/v2\/types\/post"}],"author":[{"embeddable":true,"href":"https:\/\/ecole.ac-nice.fr\/nice1\/papon\/wp-json\/wp\/v2\/users\/46"}],"replies":[{"embeddable":true,"href":"https:\/\/ecole.ac-nice.fr\/nice1\/papon\/wp-json\/wp\/v2\/comments?post=813"}],"version-history":[{"count":7,"href":"https:\/\/ecole.ac-nice.fr\/nice1\/papon\/wp-json\/wp\/v2\/posts\/813\/revisions"}],"predecessor-version":[{"id":841,"href":"https:\/\/ecole.ac-nice.fr\/nice1\/papon\/wp-json\/wp\/v2\/posts\/813\/revisions\/841"}],"wp:attachment":[{"href":"https:\/\/ecole.ac-nice.fr\/nice1\/papon\/wp-json\/wp\/v2\/media?parent=813"}],"wp:term":[{"taxonomy":"category","embeddable":true,"href":"https:\/\/ecole.ac-nice.fr\/nice1\/papon\/wp-json\/wp\/v2\/categories?post=813"},{"taxonomy":"post_tag","embeddable":true,"href":"https:\/\/ecole.ac-nice.fr\/nice1\/papon\/wp-json\/wp\/v2\/tags?post=813"}],"curies":[{"name":"wp","href":"https:\/\/api.w.org\/{rel}","templated":true}]}}