{"id":1043,"date":"2022-03-07T16:23:03","date_gmt":"2022-03-07T15:23:03","guid":{"rendered":"https:\/\/ecole.ac-nice.fr\/nice1\/papon\/?p=1043"},"modified":"2022-03-11T09:24:31","modified_gmt":"2022-03-11T08:24:31","slug":"la-place-de-la-femme-dans-le-monde-de-lart","status":"publish","type":"post","link":"https:\/\/ecole.ac-nice.fr\/nice1\/papon\/la-place-de-la-femme-dans-le-monde-de-lart\/","title":{"rendered":"La place de la Femme dans le monde de l\u2019Art"},"content":{"rendered":"<p><img loading=\"lazy\" decoding=\"async\" class=\"\" src=\"https:\/\/ecole.ac-nice.fr\/nice1\/papon\/wp-content\/uploads\/sites\/27\/2022\/03\/IMG_5956-rotated.jpg\" width=\"299\" height=\"399\" \/><\/p>\n<p>Dans le cadre de la journ\u00e9e internationale des droits des femmes, la Ville de Nice nous a propos\u00e9 de participer le lundi 7 \u00e0 un spectacle :\u00a0 \u00ab La place de la Femme dans le monde de l\u2019Art \u00bb avec l\u2019association \u00ab Les Voix de Diane .<\/p>\n<p><img loading=\"lazy\" decoding=\"async\" class=\"\" src=\"https:\/\/ecole.ac-nice.fr\/nice1\/papon\/wp-content\/uploads\/sites\/27\/2022\/03\/IMG_5955.jpg\" alt=\"\" width=\"385\" height=\"289\" \/><\/p>\n<p>Une chanteuse soprano et un musicien sont venus faire une pr\u00e9sentation du spectacle\u00a0\u00a0\u00a0\u00a0\u00a0\u00a0\u00a0\u00a0\u00a0 \u00ab <a href=\"https:\/\/cultivez-vous.nice.fr\/concert-ballet\/concert\/femmes-le-temps-dun-chant\/\"><b>Femmes, le temps d\u2019un chant\u00a0<\/b><\/a>\u00bb et des 10 grandes artistes f\u00e9minines repr\u00e9sent\u00e9es, \u00e0 l\u2019\u00e9cole ce lundi en pr\u00e9sence de Mme Maty Diouf.<\/p>\n<p><img loading=\"lazy\" decoding=\"async\" class=\"\" src=\"https:\/\/ecole.ac-nice.fr\/nice1\/papon\/wp-content\/uploads\/sites\/27\/2022\/03\/IMG_5958.jpg\" width=\"456\" height=\"342\" \/><\/p>\n<p>Les deux classes de CM1\/CM2 assisterons \u00e0 une repr\u00e9sentation de \u00ab Femmes, le temps d\u2019un chant \u00bb le jeudi 10 mars prochain \u00e0 13h15 au Th\u00e9\u00e2tre de l\u2019Artistique \u00e0 Nice.<\/p>\n<p>Voici le lien du reportage \u00e0 l&rsquo;\u00e9cole :\u00a0<a href=\"http:\/\/www.nice.fr\/fr\/videos\/presentation-du-spectacle-femmes-le-temps-d-un-chant?type=videos\">http:\/\/www.nice.fr\/fr\/videos\/presentation-du-spectacle-femmes-le-temps-d-un-chant?type=videos<\/a><\/p>\n<p>&nbsp;<\/p>\n","protected":false},"excerpt":{"rendered":"<p>Dans le cadre de la journ\u00e9e internationale des droits des femmes, la Ville de Nice nous a propos\u00e9 de participer le lundi 7 \u00e0 un spectacle :\u00a0 \u00ab La place de la Femme dans le monde de l\u2019Art \u00bb avec l\u2019association \u00ab Les Voix de Diane . Une chanteuse soprano et un musicien sont venus &hellip; <a href=\"https:\/\/ecole.ac-nice.fr\/nice1\/papon\/la-place-de-la-femme-dans-le-monde-de-lart\/\" class=\"more-link\">Continuer la lecture de <span class=\"screen-reader-text\">La place de la Femme dans le monde de l\u2019Art<\/span> <span class=\"meta-nav\">&rarr;<\/span><\/a><\/p>\n","protected":false},"author":46,"featured_media":0,"comment_status":"closed","ping_status":"open","sticky":false,"template":"","format":"standard","meta":{"footnotes":""},"categories":[1,43],"tags":[],"class_list":["post-1043","post","type-post","status-publish","format-standard","hentry","category-evenementselem","category-nouvelleselem"],"_links":{"self":[{"href":"https:\/\/ecole.ac-nice.fr\/nice1\/papon\/wp-json\/wp\/v2\/posts\/1043","targetHints":{"allow":["GET"]}}],"collection":[{"href":"https:\/\/ecole.ac-nice.fr\/nice1\/papon\/wp-json\/wp\/v2\/posts"}],"about":[{"href":"https:\/\/ecole.ac-nice.fr\/nice1\/papon\/wp-json\/wp\/v2\/types\/post"}],"author":[{"embeddable":true,"href":"https:\/\/ecole.ac-nice.fr\/nice1\/papon\/wp-json\/wp\/v2\/users\/46"}],"replies":[{"embeddable":true,"href":"https:\/\/ecole.ac-nice.fr\/nice1\/papon\/wp-json\/wp\/v2\/comments?post=1043"}],"version-history":[{"count":3,"href":"https:\/\/ecole.ac-nice.fr\/nice1\/papon\/wp-json\/wp\/v2\/posts\/1043\/revisions"}],"predecessor-version":[{"id":1050,"href":"https:\/\/ecole.ac-nice.fr\/nice1\/papon\/wp-json\/wp\/v2\/posts\/1043\/revisions\/1050"}],"wp:attachment":[{"href":"https:\/\/ecole.ac-nice.fr\/nice1\/papon\/wp-json\/wp\/v2\/media?parent=1043"}],"wp:term":[{"taxonomy":"category","embeddable":true,"href":"https:\/\/ecole.ac-nice.fr\/nice1\/papon\/wp-json\/wp\/v2\/categories?post=1043"},{"taxonomy":"post_tag","embeddable":true,"href":"https:\/\/ecole.ac-nice.fr\/nice1\/papon\/wp-json\/wp\/v2\/tags?post=1043"}],"curies":[{"name":"wp","href":"https:\/\/api.w.org\/{rel}","templated":true}]}}