{"id":1033,"date":"2022-02-04T15:19:40","date_gmt":"2022-02-04T14:19:40","guid":{"rendered":"https:\/\/ecole.ac-nice.fr\/nice1\/papon\/?p=1033"},"modified":"2022-02-04T15:19:40","modified_gmt":"2022-02-04T14:19:40","slug":"carnaval-a-la-maternelle","status":"publish","type":"post","link":"https:\/\/ecole.ac-nice.fr\/nice1\/papon\/carnaval-a-la-maternelle\/","title":{"rendered":"Carnaval \u00e0 la maternelle"},"content":{"rendered":"<p>Le projet Carnaval de la ville de Nice et de l&rsquo;\u00e9ducation nationale ont permis \u00e0 3 classes de danser, chanter, cr\u00e9er.<\/p>\n<p>La classe de MS\/GS a fait la danse folklorique sur la chanson Nissa Carnaval et la classe des GS de Judith a appris la chanson Nissa Carnaval.<\/p>\n<audio class=\"wp-audio-shortcode\" id=\"audio-1033-1\" preload=\"none\" style=\"width: 100%;\" controls=\"controls\"><source type=\"audio\/mpeg\" src=\"https:\/\/ecole.ac-nice.fr\/nice1\/papon\/wp-content\/uploads\/sites\/27\/2022\/02\/OK-Nissa-Carneval-tutti.mp3?_=1\" \/><a href=\"https:\/\/ecole.ac-nice.fr\/nice1\/papon\/wp-content\/uploads\/sites\/27\/2022\/02\/OK-Nissa-Carneval-tutti.mp3\">https:\/\/ecole.ac-nice.fr\/nice1\/papon\/wp-content\/uploads\/sites\/27\/2022\/02\/OK-Nissa-Carneval-tutti.mp3<\/a><\/audio>\n<p>La classe de MS\/GS de C\u00e9line a fabriqu\u00e9 une \u0153uvre en 3D le Lipatoracro (\u0153uvre expos\u00e9e \u00e0 la biblioth\u00e8que Nuc\u00e9ra).<\/p>\n<p><img loading=\"lazy\" decoding=\"async\" class=\"\" src=\"https:\/\/ecole.ac-nice.fr\/nice1\/papon\/wp-content\/uploads\/sites\/27\/2022\/02\/IMG20220128153745-1.jpg\" width=\"136\" height=\"103\" \/><\/p>\n<p>&nbsp;<\/p>\n<p>Voici la grosse t\u00eate de Carnaval expos\u00e9e dans notre entr\u00e9e, pr\u00eat\u00e9e par la Mairie.<\/p>\n<p><img loading=\"lazy\" decoding=\"async\" class=\"\" src=\"https:\/\/ecole.ac-nice.fr\/nice1\/papon\/wp-content\/uploads\/sites\/27\/2022\/02\/grosse-tete-carnaval-1-scaled.jpeg\" width=\"152\" height=\"203\" \/><\/p>\n<p>&nbsp;<\/p>\n","protected":false},"excerpt":{"rendered":"<p>Le projet Carnaval de la ville de Nice et de l&rsquo;\u00e9ducation nationale ont permis \u00e0 3 classes de danser, chanter, cr\u00e9er. La classe de MS\/GS a fait la danse folklorique sur la chanson Nissa Carnaval et la classe des GS de Judith a appris la chanson Nissa Carnaval. https:\/\/ecole.ac-nice.fr\/nice1\/papon\/wp-content\/uploads\/sites\/27\/2022\/02\/OK-Nissa-Carneval-tutti.mp3 La classe de MS\/GS de C\u00e9line &hellip; <a href=\"https:\/\/ecole.ac-nice.fr\/nice1\/papon\/carnaval-a-la-maternelle\/\" class=\"more-link\">Continuer la lecture de <span class=\"screen-reader-text\">Carnaval \u00e0 la maternelle<\/span> <span class=\"meta-nav\">&rarr;<\/span><\/a><\/p>\n","protected":false},"author":47,"featured_media":0,"comment_status":"closed","ping_status":"open","sticky":false,"template":"","format":"standard","meta":{"footnotes":""},"categories":[47,45],"tags":[],"class_list":["post-1033","post","type-post","status-publish","format-standard","hentry","category-projetselem","category-nouvellesmat"],"_links":{"self":[{"href":"https:\/\/ecole.ac-nice.fr\/nice1\/papon\/wp-json\/wp\/v2\/posts\/1033","targetHints":{"allow":["GET"]}}],"collection":[{"href":"https:\/\/ecole.ac-nice.fr\/nice1\/papon\/wp-json\/wp\/v2\/posts"}],"about":[{"href":"https:\/\/ecole.ac-nice.fr\/nice1\/papon\/wp-json\/wp\/v2\/types\/post"}],"author":[{"embeddable":true,"href":"https:\/\/ecole.ac-nice.fr\/nice1\/papon\/wp-json\/wp\/v2\/users\/47"}],"replies":[{"embeddable":true,"href":"https:\/\/ecole.ac-nice.fr\/nice1\/papon\/wp-json\/wp\/v2\/comments?post=1033"}],"version-history":[{"count":1,"href":"https:\/\/ecole.ac-nice.fr\/nice1\/papon\/wp-json\/wp\/v2\/posts\/1033\/revisions"}],"predecessor-version":[{"id":1042,"href":"https:\/\/ecole.ac-nice.fr\/nice1\/papon\/wp-json\/wp\/v2\/posts\/1033\/revisions\/1042"}],"wp:attachment":[{"href":"https:\/\/ecole.ac-nice.fr\/nice1\/papon\/wp-json\/wp\/v2\/media?parent=1033"}],"wp:term":[{"taxonomy":"category","embeddable":true,"href":"https:\/\/ecole.ac-nice.fr\/nice1\/papon\/wp-json\/wp\/v2\/categories?post=1033"},{"taxonomy":"post_tag","embeddable":true,"href":"https:\/\/ecole.ac-nice.fr\/nice1\/papon\/wp-json\/wp\/v2\/tags?post=1033"}],"curies":[{"name":"wp","href":"https:\/\/api.w.org\/{rel}","templated":true}]}}