{"id":718,"date":"2022-03-28T12:07:40","date_gmt":"2022-03-28T10:07:40","guid":{"rendered":"https:\/\/ecole.ac-nice.fr\/nice1\/monecole\/?p=718"},"modified":"2022-03-28T12:07:40","modified_gmt":"2022-03-28T10:07:40","slug":"eveil-linguistique-en-maternelle","status":"publish","type":"post","link":"https:\/\/ecole.ac-nice.fr\/nice1\/monecole\/eveil-linguistique-en-maternelle\/","title":{"rendered":"Eveil linguistique en maternelle"},"content":{"rendered":"<p>Dans le cadre de la sensibilisation \u00e0 la diversit\u00e9 linguistique, Marion, la maman de Gabriel, est venue nous lire une histoire en allemand.<\/p>\n<p>Nous n\u2019avons pas compris grand-chose, mais nous avons \u00e9t\u00e9 attentifs\u00a0; \u00e0 la fois amus\u00e9s et intrigu\u00e9s d\u2019entendre cette langue si diff\u00e9rente de la n\u00f4tre.<\/p>\n<p>Puis, la ma\u00eetresse nous a pr\u00e9sent\u00e9 le m\u00eame livre en fran\u00e7ais et la maman de Gabriel, nous a gentiment relu le livre en fran\u00e7ais.<\/p>\n<p>Merci beaucoup Marion\u00a0!<\/p>\n<p>Si d\u2019autres parents sont volontaires, nous serons contents de les recevoir et d\u2019entendre de nouvelles sonorit\u00e9s venues de diff\u00e9rents pays du monde.<img loading=\"lazy\" decoding=\"async\" class=\"size-medium wp-image-719 aligncenter\" src=\"https:\/\/ecole.ac-nice.fr\/nice1\/monecole\/wp-content\/uploads\/sites\/21\/2022\/03\/Christine-300x226.png\" alt=\"\" width=\"300\" height=\"226\" srcset=\"https:\/\/ecole.ac-nice.fr\/nice1\/monecole\/wp-content\/uploads\/sites\/21\/2022\/03\/Christine-300x226.png 300w, https:\/\/ecole.ac-nice.fr\/nice1\/monecole\/wp-content\/uploads\/sites\/21\/2022\/03\/Christine.png 514w\" sizes=\"auto, (max-width: 300px) 85vw, 300px\" \/><\/p>\n","protected":false},"excerpt":{"rendered":"<p>Dans le cadre de la sensibilisation \u00e0 la diversit\u00e9 linguistique, Marion, la maman de Gabriel, est venue nous lire une histoire en allemand. Nous n\u2019avons pas compris grand-chose, mais nous avons \u00e9t\u00e9 attentifs\u00a0; \u00e0 la fois amus\u00e9s et intrigu\u00e9s d\u2019entendre cette langue si diff\u00e9rente de la n\u00f4tre. Puis, la ma\u00eetresse nous a pr\u00e9sent\u00e9 le m\u00eame &hellip; <a href=\"https:\/\/ecole.ac-nice.fr\/nice1\/monecole\/eveil-linguistique-en-maternelle\/\" class=\"more-link\">Continuer la lecture<span class=\"screen-reader-text\"> de &laquo;&nbsp;Eveil linguistique en maternelle&nbsp;&raquo;<\/span><\/a><\/p>\n","protected":false},"author":27,"featured_media":0,"comment_status":"closed","ping_status":"open","sticky":false,"template":"","format":"standard","meta":{"footnotes":""},"categories":[1,27],"tags":[],"class_list":["post-718","post","type-post","status-publish","format-standard","hentry","category-non-classe","category-evenement"],"_links":{"self":[{"href":"https:\/\/ecole.ac-nice.fr\/nice1\/monecole\/wp-json\/wp\/v2\/posts\/718","targetHints":{"allow":["GET"]}}],"collection":[{"href":"https:\/\/ecole.ac-nice.fr\/nice1\/monecole\/wp-json\/wp\/v2\/posts"}],"about":[{"href":"https:\/\/ecole.ac-nice.fr\/nice1\/monecole\/wp-json\/wp\/v2\/types\/post"}],"author":[{"embeddable":true,"href":"https:\/\/ecole.ac-nice.fr\/nice1\/monecole\/wp-json\/wp\/v2\/users\/27"}],"replies":[{"embeddable":true,"href":"https:\/\/ecole.ac-nice.fr\/nice1\/monecole\/wp-json\/wp\/v2\/comments?post=718"}],"version-history":[{"count":1,"href":"https:\/\/ecole.ac-nice.fr\/nice1\/monecole\/wp-json\/wp\/v2\/posts\/718\/revisions"}],"predecessor-version":[{"id":720,"href":"https:\/\/ecole.ac-nice.fr\/nice1\/monecole\/wp-json\/wp\/v2\/posts\/718\/revisions\/720"}],"wp:attachment":[{"href":"https:\/\/ecole.ac-nice.fr\/nice1\/monecole\/wp-json\/wp\/v2\/media?parent=718"}],"wp:term":[{"taxonomy":"category","embeddable":true,"href":"https:\/\/ecole.ac-nice.fr\/nice1\/monecole\/wp-json\/wp\/v2\/categories?post=718"},{"taxonomy":"post_tag","embeddable":true,"href":"https:\/\/ecole.ac-nice.fr\/nice1\/monecole\/wp-json\/wp\/v2\/tags?post=718"}],"curies":[{"name":"wp","href":"https:\/\/api.w.org\/{rel}","templated":true}]}}