{"id":708,"date":"2022-03-28T10:31:53","date_gmt":"2022-03-28T08:31:53","guid":{"rendered":"https:\/\/ecole.ac-nice.fr\/nice1\/monecole\/?p=708"},"modified":"2022-03-28T10:33:03","modified_gmt":"2022-03-28T08:33:03","slug":"la-grande-lessive","status":"publish","type":"post","link":"https:\/\/ecole.ac-nice.fr\/nice1\/monecole\/la-grande-lessive\/","title":{"rendered":"La Grande Lessive"},"content":{"rendered":"<p>Les classes de maternelle et de la classe de cp-ce1 ont particip\u00e9 \u00e0 la Grande Lessive du jeudi 24 mars 2022.<\/p>\n<p><em>La Grande Lessive<\/em>\u00ae est une installation artistique \u00e9ph\u00e9m\u00e8re interg\u00e9n\u00e9rationnelle et internationale compos\u00e9e de r\u00e9alisations plastiques de format A4 (dessins, peintures, photographies, images num\u00e9riques, collages, po\u00e9sies visuelles, etc.) con\u00e7ues \u00e0 partir d&rsquo;une invitation commune, avant d\u2019\u00eatre suspendues en ext\u00e9rieur \u00e0 des fils tendus \u00e0 travers cours, places et rues, au moyen de pinces \u00e0 linge.<\/p>\n<p>Il s&rsquo;agit d&rsquo;une manifestation d&rsquo;art participatif semestrielle et internationale ouverte \u00e0 tous. Ses objectifs g\u00e9n\u00e9raux sont la promotion de l&rsquo;\u00e9ducation, de l&rsquo;enseignement et de la cr\u00e9ation artistiques, ainsi que le d\u00e9veloppement du lien social.<\/p>\n<p>Deux fois par an, durant une journ\u00e9e, comme dans les \u00ab\u00a0Grandes lessives\u00a0\u00bb d&rsquo;autrefois, des r\u00e9alisations plastiques (dessins, peintures, photographies, images num\u00e9riques, collages, po\u00e9sies visuelles, etc.) de format A4 con\u00e7ues pour cette occasion sont suspendues, en ext\u00e9rieur, \u00e0 des fils tendus dans des espaces publics ou priv\u00e9s, \u00e0 l&rsquo;aide de pinces \u00e0 linge.<\/p>\n<p>Th\u00e8me de cette ann\u00e9e: <span style=\"text-decoration: underline\">Ombres Port\u00e9es<\/span><\/p>\n<p>Les \u00e9l\u00e8ves en plus travailler les arts plastiques ont travaill\u00e9 \u00e9galement les sciences autour de leurs ombres et de la lumi\u00e8re et du soleil.<img loading=\"lazy\" decoding=\"async\" class=\"size-medium wp-image-709 aligncenter\" src=\"https:\/\/ecole.ac-nice.fr\/nice1\/monecole\/wp-content\/uploads\/sites\/21\/2022\/03\/Lessive-1-300x225.jpg\" alt=\"\" width=\"300\" height=\"225\" srcset=\"https:\/\/ecole.ac-nice.fr\/nice1\/monecole\/wp-content\/uploads\/sites\/21\/2022\/03\/Lessive-1-300x225.jpg 300w, https:\/\/ecole.ac-nice.fr\/nice1\/monecole\/wp-content\/uploads\/sites\/21\/2022\/03\/Lessive-1.jpg 640w\" sizes=\"auto, (max-width: 300px) 85vw, 300px\" \/><img loading=\"lazy\" decoding=\"async\" class=\"size-medium wp-image-710 aligncenter\" src=\"https:\/\/ecole.ac-nice.fr\/nice1\/monecole\/wp-content\/uploads\/sites\/21\/2022\/03\/LESSIVE-2-300x225.jpg\" alt=\"\" width=\"300\" height=\"225\" srcset=\"https:\/\/ecole.ac-nice.fr\/nice1\/monecole\/wp-content\/uploads\/sites\/21\/2022\/03\/LESSIVE-2-300x225.jpg 300w, https:\/\/ecole.ac-nice.fr\/nice1\/monecole\/wp-content\/uploads\/sites\/21\/2022\/03\/LESSIVE-2.jpg 640w\" sizes=\"auto, (max-width: 300px) 85vw, 300px\" \/><img loading=\"lazy\" decoding=\"async\" class=\"size-medium wp-image-711 aligncenter\" src=\"https:\/\/ecole.ac-nice.fr\/nice1\/monecole\/wp-content\/uploads\/sites\/21\/2022\/03\/LESSIVE-3-300x225.jpg\" alt=\"\" width=\"300\" height=\"225\" srcset=\"https:\/\/ecole.ac-nice.fr\/nice1\/monecole\/wp-content\/uploads\/sites\/21\/2022\/03\/LESSIVE-3-300x225.jpg 300w, https:\/\/ecole.ac-nice.fr\/nice1\/monecole\/wp-content\/uploads\/sites\/21\/2022\/03\/LESSIVE-3.jpg 640w\" sizes=\"auto, (max-width: 300px) 85vw, 300px\" \/><img loading=\"lazy\" decoding=\"async\" class=\"size-medium wp-image-712 aligncenter\" src=\"https:\/\/ecole.ac-nice.fr\/nice1\/monecole\/wp-content\/uploads\/sites\/21\/2022\/03\/Lessive-4-300x225.jpg\" alt=\"\" width=\"300\" height=\"225\" srcset=\"https:\/\/ecole.ac-nice.fr\/nice1\/monecole\/wp-content\/uploads\/sites\/21\/2022\/03\/Lessive-4-300x225.jpg 300w, https:\/\/ecole.ac-nice.fr\/nice1\/monecole\/wp-content\/uploads\/sites\/21\/2022\/03\/Lessive-4.jpg 640w\" sizes=\"auto, (max-width: 300px) 85vw, 300px\" \/><img loading=\"lazy\" decoding=\"async\" class=\"size-medium wp-image-713 aligncenter\" src=\"https:\/\/ecole.ac-nice.fr\/nice1\/monecole\/wp-content\/uploads\/sites\/21\/2022\/03\/Lessive-5-300x225.jpg\" alt=\"\" width=\"300\" height=\"225\" srcset=\"https:\/\/ecole.ac-nice.fr\/nice1\/monecole\/wp-content\/uploads\/sites\/21\/2022\/03\/Lessive-5-300x225.jpg 300w, https:\/\/ecole.ac-nice.fr\/nice1\/monecole\/wp-content\/uploads\/sites\/21\/2022\/03\/Lessive-5.jpg 640w\" sizes=\"auto, (max-width: 300px) 85vw, 300px\" \/><\/p>\n<p>&nbsp;<\/p>\n","protected":false},"excerpt":{"rendered":"<p>Les classes de maternelle et de la classe de cp-ce1 ont particip\u00e9 \u00e0 la Grande Lessive du jeudi 24 mars 2022. La Grande Lessive\u00ae est une installation artistique \u00e9ph\u00e9m\u00e8re interg\u00e9n\u00e9rationnelle et internationale compos\u00e9e de r\u00e9alisations plastiques de format A4 (dessins, peintures, photographies, images num\u00e9riques, collages, po\u00e9sies visuelles, etc.) con\u00e7ues \u00e0 partir d&rsquo;une invitation commune, avant &hellip; <a href=\"https:\/\/ecole.ac-nice.fr\/nice1\/monecole\/la-grande-lessive\/\" class=\"more-link\">Continuer la lecture<span class=\"screen-reader-text\"> de &laquo;&nbsp;La Grande Lessive&nbsp;&raquo;<\/span><\/a><\/p>\n","protected":false},"author":27,"featured_media":0,"comment_status":"closed","ping_status":"open","sticky":false,"template":"","format":"standard","meta":{"footnotes":""},"categories":[1,42],"tags":[],"class_list":["post-708","post","type-post","status-publish","format-standard","hentry","category-non-classe","category-eac"],"_links":{"self":[{"href":"https:\/\/ecole.ac-nice.fr\/nice1\/monecole\/wp-json\/wp\/v2\/posts\/708","targetHints":{"allow":["GET"]}}],"collection":[{"href":"https:\/\/ecole.ac-nice.fr\/nice1\/monecole\/wp-json\/wp\/v2\/posts"}],"about":[{"href":"https:\/\/ecole.ac-nice.fr\/nice1\/monecole\/wp-json\/wp\/v2\/types\/post"}],"author":[{"embeddable":true,"href":"https:\/\/ecole.ac-nice.fr\/nice1\/monecole\/wp-json\/wp\/v2\/users\/27"}],"replies":[{"embeddable":true,"href":"https:\/\/ecole.ac-nice.fr\/nice1\/monecole\/wp-json\/wp\/v2\/comments?post=708"}],"version-history":[{"count":2,"href":"https:\/\/ecole.ac-nice.fr\/nice1\/monecole\/wp-json\/wp\/v2\/posts\/708\/revisions"}],"predecessor-version":[{"id":715,"href":"https:\/\/ecole.ac-nice.fr\/nice1\/monecole\/wp-json\/wp\/v2\/posts\/708\/revisions\/715"}],"wp:attachment":[{"href":"https:\/\/ecole.ac-nice.fr\/nice1\/monecole\/wp-json\/wp\/v2\/media?parent=708"}],"wp:term":[{"taxonomy":"category","embeddable":true,"href":"https:\/\/ecole.ac-nice.fr\/nice1\/monecole\/wp-json\/wp\/v2\/categories?post=708"},{"taxonomy":"post_tag","embeddable":true,"href":"https:\/\/ecole.ac-nice.fr\/nice1\/monecole\/wp-json\/wp\/v2\/tags?post=708"}],"curies":[{"name":"wp","href":"https:\/\/api.w.org\/{rel}","templated":true}]}}