{"id":701,"date":"2022-03-28T10:00:04","date_gmt":"2022-03-28T08:00:04","guid":{"rendered":"https:\/\/ecole.ac-nice.fr\/nice1\/monecole\/?p=701"},"modified":"2022-03-28T10:02:59","modified_gmt":"2022-03-28T08:02:59","slug":"semaine-de-la-presse-classe-des-cp-ce1","status":"publish","type":"post","link":"https:\/\/ecole.ac-nice.fr\/nice1\/monecole\/semaine-de-la-presse-classe-des-cp-ce1\/","title":{"rendered":"Semaine de la Presse Classe des CP-CE1"},"content":{"rendered":"<p>La classe de CP-CE1 a particip\u00e9 \u00e0 la semaine de la presse et des m\u00e9dias qui s\u2019est d\u00e9roul\u00e9e du 21 au 26 mars : une belle occasion de d\u00e9couvrir ce qu&rsquo;est un journal, une revue ou un magazine et d&rsquo;en conna\u00eetre les diff\u00e9rences. (activit\u00e9s de tri)<br \/>\nA partir de courtes vid\u00e9os et d&rsquo;un webinaire auquel nous avons assist\u00e9 le mardi 22 mars \u00e0 14 heures, les \u00e9l\u00e8ves savent d\u00e9sormais comment reconna\u00eetre une v\u00e9ritable info (3 crit\u00e8res) et la distinguer d&rsquo;une rumeur, d&rsquo;une anecdote ou autre. Ils ont \u00e9galement appris des \u00e9l\u00e9ments concernant les m\u00e9tiers du journalisme.<br \/>\nLa suite en lien avec d&rsquo;autres disciplines : travail autour de la Une d&rsquo;un journal et savoir lire des donn\u00e9es chiffr\u00e9es et les interpr\u00e9ter !<br \/>\nL&rsquo;objectif final, si le temps le permet, serait de cr\u00e9er une petite gazette de la classe pour la derni\u00e8re p\u00e9riode de l&rsquo;ann\u00e9e !<br \/>\nL&rsquo;\u00e9cole permet de nous apprendre \u00e0 lire, \u00e9crire, compter mais elle est \u00e9galement l\u00e0 pour nous accompagner dans notre chemin pour devenir un citoyen \u00e9clair\u00e9 et capable d&rsquo;exercer un esprit critique ! Et \u00e7a commence d\u00e8s le plus jeune \u00e2ge.<\/p>\n<p><img loading=\"lazy\" decoding=\"async\" class=\"size-medium wp-image-702 aligncenter\" src=\"https:\/\/ecole.ac-nice.fr\/nice1\/monecole\/wp-content\/uploads\/sites\/21\/2022\/03\/affiche-semaine-presse-215x300.png\" alt=\"\" width=\"215\" height=\"300\" srcset=\"https:\/\/ecole.ac-nice.fr\/nice1\/monecole\/wp-content\/uploads\/sites\/21\/2022\/03\/affiche-semaine-presse-215x300.png 215w, https:\/\/ecole.ac-nice.fr\/nice1\/monecole\/wp-content\/uploads\/sites\/21\/2022\/03\/affiche-semaine-presse.png 525w\" sizes=\"auto, (max-width: 215px) 85vw, 215px\" \/><\/p>\n","protected":false},"excerpt":{"rendered":"<p>La classe de CP-CE1 a particip\u00e9 \u00e0 la semaine de la presse et des m\u00e9dias qui s\u2019est d\u00e9roul\u00e9e du 21 au 26 mars : une belle occasion de d\u00e9couvrir ce qu&rsquo;est un journal, une revue ou un magazine et d&rsquo;en conna\u00eetre les diff\u00e9rences. (activit\u00e9s de tri) A partir de courtes vid\u00e9os et d&rsquo;un webinaire auquel &hellip; <a href=\"https:\/\/ecole.ac-nice.fr\/nice1\/monecole\/semaine-de-la-presse-classe-des-cp-ce1\/\" class=\"more-link\">Continuer la lecture<span class=\"screen-reader-text\"> de &laquo;&nbsp;Semaine de la Presse Classe des CP-CE1&nbsp;&raquo;<\/span><\/a><\/p>\n","protected":false},"author":27,"featured_media":0,"comment_status":"closed","ping_status":"open","sticky":true,"template":"","format":"standard","meta":{"footnotes":""},"categories":[1,27],"tags":[],"class_list":["post-701","post","type-post","status-publish","format-standard","hentry","category-non-classe","category-evenement"],"_links":{"self":[{"href":"https:\/\/ecole.ac-nice.fr\/nice1\/monecole\/wp-json\/wp\/v2\/posts\/701","targetHints":{"allow":["GET"]}}],"collection":[{"href":"https:\/\/ecole.ac-nice.fr\/nice1\/monecole\/wp-json\/wp\/v2\/posts"}],"about":[{"href":"https:\/\/ecole.ac-nice.fr\/nice1\/monecole\/wp-json\/wp\/v2\/types\/post"}],"author":[{"embeddable":true,"href":"https:\/\/ecole.ac-nice.fr\/nice1\/monecole\/wp-json\/wp\/v2\/users\/27"}],"replies":[{"embeddable":true,"href":"https:\/\/ecole.ac-nice.fr\/nice1\/monecole\/wp-json\/wp\/v2\/comments?post=701"}],"version-history":[{"count":1,"href":"https:\/\/ecole.ac-nice.fr\/nice1\/monecole\/wp-json\/wp\/v2\/posts\/701\/revisions"}],"predecessor-version":[{"id":703,"href":"https:\/\/ecole.ac-nice.fr\/nice1\/monecole\/wp-json\/wp\/v2\/posts\/701\/revisions\/703"}],"wp:attachment":[{"href":"https:\/\/ecole.ac-nice.fr\/nice1\/monecole\/wp-json\/wp\/v2\/media?parent=701"}],"wp:term":[{"taxonomy":"category","embeddable":true,"href":"https:\/\/ecole.ac-nice.fr\/nice1\/monecole\/wp-json\/wp\/v2\/categories?post=701"},{"taxonomy":"post_tag","embeddable":true,"href":"https:\/\/ecole.ac-nice.fr\/nice1\/monecole\/wp-json\/wp\/v2\/tags?post=701"}],"curies":[{"name":"wp","href":"https:\/\/api.w.org\/{rel}","templated":true}]}}