{"id":683,"date":"2022-02-24T15:42:00","date_gmt":"2022-02-24T14:42:00","guid":{"rendered":"https:\/\/ecole.ac-nice.fr\/nice1\/monecole\/?p=683"},"modified":"2022-03-28T09:50:45","modified_gmt":"2022-03-28T07:50:45","slug":"plantations-a-mon-ecole","status":"publish","type":"post","link":"https:\/\/ecole.ac-nice.fr\/nice1\/monecole\/plantations-a-mon-ecole\/","title":{"rendered":"Plantations \u00e0 Mon \u00e9cole"},"content":{"rendered":"\r\n<p>Les \u00e9l\u00e8ves de maternelle ont plant\u00e9 des bulbes au mois de novembre et la premi\u00e8re fleur a fleuri aujourd&rsquo;hui. Le printemps arrive doucement.<\/p>\r\n<p>\u00a0 <img loading=\"lazy\" decoding=\"async\" class=\"alignnone size-medium wp-image-697\" src=\"https:\/\/ecole.ac-nice.fr\/nice1\/monecole\/wp-content\/uploads\/sites\/21\/2022\/02\/jacinthe-indiens-225x300.jpg\" alt=\"\" width=\"225\" height=\"300\" srcset=\"https:\/\/ecole.ac-nice.fr\/nice1\/monecole\/wp-content\/uploads\/sites\/21\/2022\/02\/jacinthe-indiens-225x300.jpg 225w, https:\/\/ecole.ac-nice.fr\/nice1\/monecole\/wp-content\/uploads\/sites\/21\/2022\/02\/jacinthe-indiens.jpg 481w\" sizes=\"auto, (max-width: 225px) 85vw, 225px\" \/>\u00a0 \u00a0 \u00a0 \u00a0 \u00a0 \u00a0 \u00a0 \u00a0 \u00a0 \u00a0 \u00a0 \u00a0 \u00a0 \u00a0 \u00a0 \u00a0 \u00a0 <img loading=\"lazy\" decoding=\"async\" class=\"alignnone  wp-image-698\" src=\"https:\/\/ecole.ac-nice.fr\/nice1\/monecole\/wp-content\/uploads\/sites\/21\/2022\/02\/Muscaris-225x300.jpg\" alt=\"\" width=\"221\" height=\"294\" srcset=\"https:\/\/ecole.ac-nice.fr\/nice1\/monecole\/wp-content\/uploads\/sites\/21\/2022\/02\/Muscaris-225x300.jpg 225w, https:\/\/ecole.ac-nice.fr\/nice1\/monecole\/wp-content\/uploads\/sites\/21\/2022\/02\/Muscaris-rotated.jpg 480w\" sizes=\"auto, (max-width: 221px) 85vw, 221px\" \/><\/p>\r\n<p><img loading=\"lazy\" decoding=\"async\" class=\"alignnone size-medium wp-image-699\" src=\"https:\/\/ecole.ac-nice.fr\/nice1\/monecole\/wp-content\/uploads\/sites\/21\/2022\/02\/Tulipe-225x300.jpg\" alt=\"\" width=\"225\" height=\"300\" srcset=\"https:\/\/ecole.ac-nice.fr\/nice1\/monecole\/wp-content\/uploads\/sites\/21\/2022\/02\/Tulipe-225x300.jpg 225w, https:\/\/ecole.ac-nice.fr\/nice1\/monecole\/wp-content\/uploads\/sites\/21\/2022\/02\/Tulipe.jpg 481w\" sizes=\"auto, (max-width: 225px) 85vw, 225px\" \/><\/p>\r\n","protected":false},"excerpt":{"rendered":"<p>Les \u00e9l\u00e8ves de maternelle ont plant\u00e9 des bulbes au mois de novembre et la premi\u00e8re fleur a fleuri aujourd&rsquo;hui. Le printemps arrive doucement. \u00a0 \u00a0 \u00a0 \u00a0 \u00a0 \u00a0 \u00a0 \u00a0 \u00a0 \u00a0 \u00a0 \u00a0 \u00a0 \u00a0 \u00a0 \u00a0 \u00a0 \u00a0<\/p>\n","protected":false},"author":27,"featured_media":0,"comment_status":"closed","ping_status":"open","sticky":false,"template":"","format":"standard","meta":{"footnotes":""},"categories":[1,29],"tags":[],"class_list":["post-683","post","type-post","status-publish","format-standard","hentry","category-non-classe","category-edd"],"_links":{"self":[{"href":"https:\/\/ecole.ac-nice.fr\/nice1\/monecole\/wp-json\/wp\/v2\/posts\/683","targetHints":{"allow":["GET"]}}],"collection":[{"href":"https:\/\/ecole.ac-nice.fr\/nice1\/monecole\/wp-json\/wp\/v2\/posts"}],"about":[{"href":"https:\/\/ecole.ac-nice.fr\/nice1\/monecole\/wp-json\/wp\/v2\/types\/post"}],"author":[{"embeddable":true,"href":"https:\/\/ecole.ac-nice.fr\/nice1\/monecole\/wp-json\/wp\/v2\/users\/27"}],"replies":[{"embeddable":true,"href":"https:\/\/ecole.ac-nice.fr\/nice1\/monecole\/wp-json\/wp\/v2\/comments?post=683"}],"version-history":[{"count":4,"href":"https:\/\/ecole.ac-nice.fr\/nice1\/monecole\/wp-json\/wp\/v2\/posts\/683\/revisions"}],"predecessor-version":[{"id":700,"href":"https:\/\/ecole.ac-nice.fr\/nice1\/monecole\/wp-json\/wp\/v2\/posts\/683\/revisions\/700"}],"wp:attachment":[{"href":"https:\/\/ecole.ac-nice.fr\/nice1\/monecole\/wp-json\/wp\/v2\/media?parent=683"}],"wp:term":[{"taxonomy":"category","embeddable":true,"href":"https:\/\/ecole.ac-nice.fr\/nice1\/monecole\/wp-json\/wp\/v2\/categories?post=683"},{"taxonomy":"post_tag","embeddable":true,"href":"https:\/\/ecole.ac-nice.fr\/nice1\/monecole\/wp-json\/wp\/v2\/tags?post=683"}],"curies":[{"name":"wp","href":"https:\/\/api.w.org\/{rel}","templated":true}]}}