{"id":679,"date":"2020-12-22T14:25:19","date_gmt":"2020-12-22T13:25:19","guid":{"rendered":"http:\/\/ecole.ac-nice.fr\/nice1\/monecole\/?p=679"},"modified":"2020-12-22T14:25:19","modified_gmt":"2020-12-22T13:25:19","slug":"chanson-de-noel-cp-cm1-ce1-ce2","status":"publish","type":"post","link":"https:\/\/ecole.ac-nice.fr\/nice1\/monecole\/chanson-de-noel-cp-cm1-ce1-ce2\/","title":{"rendered":"Chanson de No\u00ebl CP-CM1\/CE1-CE2"},"content":{"rendered":"<p>Nos \u00e9l\u00e8ves ont pr\u00e9par\u00e9 avec Corinne Olivro une jolie chanson pour la venue du p\u00e8re No\u00ebl\u00a0 dans nos classes. En voici un enregistrement fait lors des r\u00e9p\u00e9titions.<\/p>\n<div class=\"wp-playlist wp-audio-playlist wp-playlist-light\">\n\t\t\t<div class=\"wp-playlist-current-item\"><\/div>\n\t\t<audio controls=\"controls\" preload=\"none\" width=\"818\"\n\t\t\t><\/audio>\n\t<div class=\"wp-playlist-next\"><\/div>\n\t<div class=\"wp-playlist-prev\"><\/div>\n\t<noscript>\n\t<ol>\n\t\t<li><a href='https:\/\/ecole.ac-nice.fr\/nice1\/monecole\/wp-content\/uploads\/sites\/21\/2020\/12\/Jingle-bells-2.mp3'>Jingle bells 2<\/a><\/li>\t<\/ol>\n\t<\/noscript>\n\t<script type=\"application\/json\" class=\"wp-playlist-script\">{\"type\":\"audio\",\"tracklist\":true,\"tracknumbers\":true,\"images\":true,\"artists\":true,\"tracks\":[{\"src\":\"https:\/\/ecole.ac-nice.fr\/nice1\/monecole\/wp-content\/uploads\/sites\/21\/2020\/12\/Jingle-bells-2.mp3\",\"type\":\"audio\/mpeg\",\"title\":\"Jingle bells 2\",\"caption\":\"\",\"description\":\"\\u003Ci\\u003EJingle bells 2\\u003C\/i\\u003E.\",\"meta\":{\"length_formatted\":\"2:28\"},\"image\":{\"src\":\"https:\/\/ecole.ac-nice.fr\/nice1\/monecole\/wp-includes\/images\/media\/audio.svg\",\"width\":48,\"height\":64},\"thumb\":{\"src\":\"https:\/\/ecole.ac-nice.fr\/nice1\/monecole\/wp-includes\/images\/media\/audio.svg\",\"width\":48,\"height\":64}}]}<\/script>\n<\/div>\n\t\n","protected":false},"excerpt":{"rendered":"<p>Nos \u00e9l\u00e8ves ont pr\u00e9par\u00e9 avec Corinne Olivro une jolie chanson pour la venue du p\u00e8re No\u00ebl\u00a0 dans nos classes. En voici un enregistrement fait lors des r\u00e9p\u00e9titions.<\/p>\n","protected":false},"author":28,"featured_media":0,"comment_status":"closed","ping_status":"open","sticky":false,"template":"","format":"standard","meta":{"footnotes":""},"categories":[27],"tags":[],"class_list":["post-679","post","type-post","status-publish","format-standard","hentry","category-evenement"],"_links":{"self":[{"href":"https:\/\/ecole.ac-nice.fr\/nice1\/monecole\/wp-json\/wp\/v2\/posts\/679","targetHints":{"allow":["GET"]}}],"collection":[{"href":"https:\/\/ecole.ac-nice.fr\/nice1\/monecole\/wp-json\/wp\/v2\/posts"}],"about":[{"href":"https:\/\/ecole.ac-nice.fr\/nice1\/monecole\/wp-json\/wp\/v2\/types\/post"}],"author":[{"embeddable":true,"href":"https:\/\/ecole.ac-nice.fr\/nice1\/monecole\/wp-json\/wp\/v2\/users\/28"}],"replies":[{"embeddable":true,"href":"https:\/\/ecole.ac-nice.fr\/nice1\/monecole\/wp-json\/wp\/v2\/comments?post=679"}],"version-history":[{"count":2,"href":"https:\/\/ecole.ac-nice.fr\/nice1\/monecole\/wp-json\/wp\/v2\/posts\/679\/revisions"}],"predecessor-version":[{"id":682,"href":"https:\/\/ecole.ac-nice.fr\/nice1\/monecole\/wp-json\/wp\/v2\/posts\/679\/revisions\/682"}],"wp:attachment":[{"href":"https:\/\/ecole.ac-nice.fr\/nice1\/monecole\/wp-json\/wp\/v2\/media?parent=679"}],"wp:term":[{"taxonomy":"category","embeddable":true,"href":"https:\/\/ecole.ac-nice.fr\/nice1\/monecole\/wp-json\/wp\/v2\/categories?post=679"},{"taxonomy":"post_tag","embeddable":true,"href":"https:\/\/ecole.ac-nice.fr\/nice1\/monecole\/wp-json\/wp\/v2\/tags?post=679"}],"curies":[{"name":"wp","href":"https:\/\/api.w.org\/{rel}","templated":true}]}}