{"id":645,"date":"2020-12-18T09:59:24","date_gmt":"2020-12-18T08:59:24","guid":{"rendered":"http:\/\/ecole.ac-nice.fr\/nice1\/monecole\/?p=645"},"modified":"2020-12-18T09:59:24","modified_gmt":"2020-12-18T08:59:24","slug":"les-portraits-et-les-emotions","status":"publish","type":"post","link":"https:\/\/ecole.ac-nice.fr\/nice1\/monecole\/les-portraits-et-les-emotions\/","title":{"rendered":"Les portraits et les \u00e9motions"},"content":{"rendered":"<p>Les CP\u00a0 et les CM1 ont travaill\u00e9 sur les \u00e9motions et ont dessin\u00e9 leur portrait qui exprime ce qu&rsquo;ils ressentaient.<\/p>\n<p><img loading=\"lazy\" decoding=\"async\" class=\"alignnone wp-image-646\" src=\"https:\/\/ecole.ac-nice.fr\/nice1\/monecole\/wp-content\/uploads\/sites\/21\/2020\/12\/emotions-1-183x300.jpg\" alt=\"\" width=\"237\" height=\"389\" srcset=\"https:\/\/ecole.ac-nice.fr\/nice1\/monecole\/wp-content\/uploads\/sites\/21\/2020\/12\/emotions-1-183x300.jpg 183w, https:\/\/ecole.ac-nice.fr\/nice1\/monecole\/wp-content\/uploads\/sites\/21\/2020\/12\/emotions-1.jpg 311w\" sizes=\"auto, (max-width: 237px) 85vw, 237px\" \/>\u00a0 \u00a0 \u00a0 \u00a0 \u00a0 \u00a0 \u00a0 \u00a0 <img loading=\"lazy\" decoding=\"async\" class=\"alignnone wp-image-647\" src=\"https:\/\/ecole.ac-nice.fr\/nice1\/monecole\/wp-content\/uploads\/sites\/21\/2020\/12\/emotions-2.jpg\" alt=\"\" width=\"300\" height=\"315\" \/><\/p>\n<p><img loading=\"lazy\" decoding=\"async\" class=\"wp-image-653 aligncenter\" src=\"https:\/\/ecole.ac-nice.fr\/nice1\/monecole\/wp-content\/uploads\/sites\/21\/2020\/12\/IMG_20201216_112110-scaled-e1608115105484-159x300.jpg\" alt=\"\" width=\"185\" height=\"349\" srcset=\"https:\/\/ecole.ac-nice.fr\/nice1\/monecole\/wp-content\/uploads\/sites\/21\/2020\/12\/IMG_20201216_112110-scaled-e1608115105484-159x300.jpg 159w, https:\/\/ecole.ac-nice.fr\/nice1\/monecole\/wp-content\/uploads\/sites\/21\/2020\/12\/IMG_20201216_112110-scaled-e1608115105484-543x1024.jpg 543w, https:\/\/ecole.ac-nice.fr\/nice1\/monecole\/wp-content\/uploads\/sites\/21\/2020\/12\/IMG_20201216_112110-scaled-e1608115105484-768x1447.jpg 768w, https:\/\/ecole.ac-nice.fr\/nice1\/monecole\/wp-content\/uploads\/sites\/21\/2020\/12\/IMG_20201216_112110-scaled-e1608115105484-815x1536.jpg 815w, https:\/\/ecole.ac-nice.fr\/nice1\/monecole\/wp-content\/uploads\/sites\/21\/2020\/12\/IMG_20201216_112110-scaled-e1608115105484-1087x2048.jpg 1087w, https:\/\/ecole.ac-nice.fr\/nice1\/monecole\/wp-content\/uploads\/sites\/21\/2020\/12\/IMG_20201216_112110-scaled-e1608115105484-1200x2261.jpg 1200w, https:\/\/ecole.ac-nice.fr\/nice1\/monecole\/wp-content\/uploads\/sites\/21\/2020\/12\/IMG_20201216_112110-scaled-e1608115105484.jpg 1280w\" sizes=\"auto, (max-width: 185px) 85vw, 185px\" \/><\/p>\n<p>&nbsp;<\/p>\n","protected":false},"excerpt":{"rendered":"<p>Les CP\u00a0 et les CM1 ont travaill\u00e9 sur les \u00e9motions et ont dessin\u00e9 leur portrait qui exprime ce qu&rsquo;ils ressentaient. \u00a0 \u00a0 \u00a0 \u00a0 \u00a0 \u00a0 \u00a0 \u00a0 &nbsp;<\/p>\n","protected":false},"author":28,"featured_media":0,"comment_status":"closed","ping_status":"open","sticky":false,"template":"","format":"standard","meta":{"footnotes":""},"categories":[42],"tags":[],"class_list":["post-645","post","type-post","status-publish","format-standard","hentry","category-eac"],"_links":{"self":[{"href":"https:\/\/ecole.ac-nice.fr\/nice1\/monecole\/wp-json\/wp\/v2\/posts\/645","targetHints":{"allow":["GET"]}}],"collection":[{"href":"https:\/\/ecole.ac-nice.fr\/nice1\/monecole\/wp-json\/wp\/v2\/posts"}],"about":[{"href":"https:\/\/ecole.ac-nice.fr\/nice1\/monecole\/wp-json\/wp\/v2\/types\/post"}],"author":[{"embeddable":true,"href":"https:\/\/ecole.ac-nice.fr\/nice1\/monecole\/wp-json\/wp\/v2\/users\/28"}],"replies":[{"embeddable":true,"href":"https:\/\/ecole.ac-nice.fr\/nice1\/monecole\/wp-json\/wp\/v2\/comments?post=645"}],"version-history":[{"count":2,"href":"https:\/\/ecole.ac-nice.fr\/nice1\/monecole\/wp-json\/wp\/v2\/posts\/645\/revisions"}],"predecessor-version":[{"id":662,"href":"https:\/\/ecole.ac-nice.fr\/nice1\/monecole\/wp-json\/wp\/v2\/posts\/645\/revisions\/662"}],"wp:attachment":[{"href":"https:\/\/ecole.ac-nice.fr\/nice1\/monecole\/wp-json\/wp\/v2\/media?parent=645"}],"wp:term":[{"taxonomy":"category","embeddable":true,"href":"https:\/\/ecole.ac-nice.fr\/nice1\/monecole\/wp-json\/wp\/v2\/categories?post=645"},{"taxonomy":"post_tag","embeddable":true,"href":"https:\/\/ecole.ac-nice.fr\/nice1\/monecole\/wp-json\/wp\/v2\/tags?post=645"}],"curies":[{"name":"wp","href":"https:\/\/api.w.org\/{rel}","templated":true}]}}