{"id":633,"date":"2020-12-16T10:18:42","date_gmt":"2020-12-16T09:18:42","guid":{"rendered":"http:\/\/ecole.ac-nice.fr\/nice1\/monecole\/?p=633"},"modified":"2020-12-17T15:34:08","modified_gmt":"2020-12-17T14:34:08","slug":"art-chez-les-ps-ms","status":"publish","type":"post","link":"https:\/\/ecole.ac-nice.fr\/nice1\/monecole\/art-chez-les-ps-ms\/","title":{"rendered":"Art chez les PS-MS"},"content":{"rendered":"<p>La classe de PS-MS, tout comme la classe de Mme Juda travaille autour d&rsquo;un projet pour d\u00e9velopper la notion de contraire et d&rsquo;oppos\u00e9.<\/p>\n<p>Voici quelques productions de classe concernant cette notion autour d&rsquo;oeuvres connues:<\/p>\n<p>A partir d&rsquo;oeuvres de l&rsquo;artiste Kandinsky, le blanc et le noir:<\/p>\n<p><img loading=\"lazy\" decoding=\"async\" class=\"alignnone size-medium wp-image-664 aligncenter\" src=\"https:\/\/ecole.ac-nice.fr\/nice1\/monecole\/wp-content\/uploads\/sites\/21\/2020\/12\/kandinsky-169x300.jpg\" alt=\"\" width=\"169\" height=\"300\" srcset=\"https:\/\/ecole.ac-nice.fr\/nice1\/monecole\/wp-content\/uploads\/sites\/21\/2020\/12\/kandinsky-169x300.jpg 169w, https:\/\/ecole.ac-nice.fr\/nice1\/monecole\/wp-content\/uploads\/sites\/21\/2020\/12\/kandinsky-576x1024.jpg 576w, https:\/\/ecole.ac-nice.fr\/nice1\/monecole\/wp-content\/uploads\/sites\/21\/2020\/12\/kandinsky-768x1365.jpg 768w, https:\/\/ecole.ac-nice.fr\/nice1\/monecole\/wp-content\/uploads\/sites\/21\/2020\/12\/kandinsky-864x1536.jpg 864w, https:\/\/ecole.ac-nice.fr\/nice1\/monecole\/wp-content\/uploads\/sites\/21\/2020\/12\/kandinsky-1152x2048.jpg 1152w, https:\/\/ecole.ac-nice.fr\/nice1\/monecole\/wp-content\/uploads\/sites\/21\/2020\/12\/kandinsky-1200x2133.jpg 1200w, https:\/\/ecole.ac-nice.fr\/nice1\/monecole\/wp-content\/uploads\/sites\/21\/2020\/12\/kandinsky-scaled.jpg 1440w\" sizes=\"auto, (max-width: 169px) 85vw, 169px\" \/><\/p>\n<p>\u00c7a penche!! Production des MS, \u00e0 partir de l&rsquo;oeuvre de Sol Lewitt,en opposition avec les lignes verticales et horizontales travaill\u00e9es \u00e0 la premi\u00e8re p\u00e9riode et actuellement avec les ps.<img loading=\"lazy\" decoding=\"async\" class=\"wp-image-634 aligncenter\" src=\"https:\/\/ecole.ac-nice.fr\/nice1\/monecole\/wp-content\/uploads\/sites\/21\/2020\/12\/photo-6-300x169.jpg\" alt=\"\" width=\"394\" height=\"222\" srcset=\"https:\/\/ecole.ac-nice.fr\/nice1\/monecole\/wp-content\/uploads\/sites\/21\/2020\/12\/photo-6-300x169.jpg 300w, https:\/\/ecole.ac-nice.fr\/nice1\/monecole\/wp-content\/uploads\/sites\/21\/2020\/12\/photo-6-1024x576.jpg 1024w, https:\/\/ecole.ac-nice.fr\/nice1\/monecole\/wp-content\/uploads\/sites\/21\/2020\/12\/photo-6-768x432.jpg 768w, https:\/\/ecole.ac-nice.fr\/nice1\/monecole\/wp-content\/uploads\/sites\/21\/2020\/12\/photo-6-1536x864.jpg 1536w, https:\/\/ecole.ac-nice.fr\/nice1\/monecole\/wp-content\/uploads\/sites\/21\/2020\/12\/photo-6-2048x1152.jpg 2048w, https:\/\/ecole.ac-nice.fr\/nice1\/monecole\/wp-content\/uploads\/sites\/21\/2020\/12\/photo-6-1200x675.jpg 1200w\" sizes=\"auto, (max-width: 394px) 85vw, 394px\" \/><\/p>\n<p>Les lignes en Petite Section:<\/p>\n<p><img loading=\"lazy\" decoding=\"async\" class=\"alignnone size-medium wp-image-665 aligncenter\" src=\"https:\/\/ecole.ac-nice.fr\/nice1\/monecole\/wp-content\/uploads\/sites\/21\/2020\/12\/des-lignes-300x225.jpg\" alt=\"\" width=\"300\" height=\"225\" srcset=\"https:\/\/ecole.ac-nice.fr\/nice1\/monecole\/wp-content\/uploads\/sites\/21\/2020\/12\/des-lignes-300x225.jpg 300w, https:\/\/ecole.ac-nice.fr\/nice1\/monecole\/wp-content\/uploads\/sites\/21\/2020\/12\/des-lignes-1024x768.jpg 1024w, https:\/\/ecole.ac-nice.fr\/nice1\/monecole\/wp-content\/uploads\/sites\/21\/2020\/12\/des-lignes-768x576.jpg 768w, https:\/\/ecole.ac-nice.fr\/nice1\/monecole\/wp-content\/uploads\/sites\/21\/2020\/12\/des-lignes-1200x900.jpg 1200w, https:\/\/ecole.ac-nice.fr\/nice1\/monecole\/wp-content\/uploads\/sites\/21\/2020\/12\/des-lignes.jpg 1280w\" sizes=\"auto, (max-width: 300px) 85vw, 300px\" \/><\/p>\n<p>La verticalit\u00e9 travaill\u00e9e \u00e0 partir d&rsquo;encre qui coule avec les PS, \u00e0 partir de l&rsquo;oeuvre d&rsquo;Yves Klein, couleurs de Feu.<\/p>\n<p><img loading=\"lazy\" decoding=\"async\" class=\"alignnone size-medium wp-image-666 aligncenter\" src=\"https:\/\/ecole.ac-nice.fr\/nice1\/monecole\/wp-content\/uploads\/sites\/21\/2020\/12\/feu-225x300.jpg\" alt=\"\" width=\"225\" height=\"300\" srcset=\"https:\/\/ecole.ac-nice.fr\/nice1\/monecole\/wp-content\/uploads\/sites\/21\/2020\/12\/feu-225x300.jpg 225w, https:\/\/ecole.ac-nice.fr\/nice1\/monecole\/wp-content\/uploads\/sites\/21\/2020\/12\/feu-768x1024.jpg 768w, https:\/\/ecole.ac-nice.fr\/nice1\/monecole\/wp-content\/uploads\/sites\/21\/2020\/12\/feu-1152x1536.jpg 1152w, https:\/\/ecole.ac-nice.fr\/nice1\/monecole\/wp-content\/uploads\/sites\/21\/2020\/12\/feu-1536x2048.jpg 1536w, https:\/\/ecole.ac-nice.fr\/nice1\/monecole\/wp-content\/uploads\/sites\/21\/2020\/12\/feu-1200x1600.jpg 1200w, https:\/\/ecole.ac-nice.fr\/nice1\/monecole\/wp-content\/uploads\/sites\/21\/2020\/12\/feu-scaled.jpg 1920w\" sizes=\"auto, (max-width: 225px) 85vw, 225px\" \/><\/p>\n<p>Les formes g\u00e9om\u00e9triques ont \u00e9t\u00e9 mises \u00e0 l&rsquo;honneur avec les MS sur une production g\u00e9ante:<\/p>\n<p><img loading=\"lazy\" decoding=\"async\" class=\"alignnone size-medium wp-image-667 aligncenter\" src=\"https:\/\/ecole.ac-nice.fr\/nice1\/monecole\/wp-content\/uploads\/sites\/21\/2020\/12\/formes-225x300.jpg\" alt=\"\" width=\"225\" height=\"300\" srcset=\"https:\/\/ecole.ac-nice.fr\/nice1\/monecole\/wp-content\/uploads\/sites\/21\/2020\/12\/formes-225x300.jpg 225w, https:\/\/ecole.ac-nice.fr\/nice1\/monecole\/wp-content\/uploads\/sites\/21\/2020\/12\/formes-768x1024.jpg 768w, https:\/\/ecole.ac-nice.fr\/nice1\/monecole\/wp-content\/uploads\/sites\/21\/2020\/12\/formes-1152x1536.jpg 1152w, https:\/\/ecole.ac-nice.fr\/nice1\/monecole\/wp-content\/uploads\/sites\/21\/2020\/12\/formes-1536x2048.jpg 1536w, https:\/\/ecole.ac-nice.fr\/nice1\/monecole\/wp-content\/uploads\/sites\/21\/2020\/12\/formes-1200x1600.jpg 1200w, https:\/\/ecole.ac-nice.fr\/nice1\/monecole\/wp-content\/uploads\/sites\/21\/2020\/12\/formes-scaled.jpg 1920w\" sizes=\"auto, (max-width: 225px) 85vw, 225px\" \/><\/p>\n<p>&nbsp;<\/p>\n<p>Nous vous souhaitons de belles f\u00eates de fin d&rsquo;ann\u00e9e!!!<\/p>\n","protected":false},"excerpt":{"rendered":"<p>La classe de PS-MS, tout comme la classe de Mme Juda travaille autour d&rsquo;un projet pour d\u00e9velopper la notion de contraire et d&rsquo;oppos\u00e9. Voici quelques productions de classe concernant cette notion autour d&rsquo;oeuvres connues: A partir d&rsquo;oeuvres de l&rsquo;artiste Kandinsky, le blanc et le noir: \u00c7a penche!! Production des MS, \u00e0 partir de l&rsquo;oeuvre de &hellip; <a href=\"https:\/\/ecole.ac-nice.fr\/nice1\/monecole\/art-chez-les-ps-ms\/\" class=\"more-link\">Continuer la lecture<span class=\"screen-reader-text\"> de &laquo;&nbsp;Art chez les PS-MS&nbsp;&raquo;<\/span><\/a><\/p>\n","protected":false},"author":27,"featured_media":0,"comment_status":"closed","ping_status":"open","sticky":false,"template":"","format":"standard","meta":{"footnotes":""},"categories":[42],"tags":[],"class_list":["post-633","post","type-post","status-publish","format-standard","hentry","category-eac"],"_links":{"self":[{"href":"https:\/\/ecole.ac-nice.fr\/nice1\/monecole\/wp-json\/wp\/v2\/posts\/633","targetHints":{"allow":["GET"]}}],"collection":[{"href":"https:\/\/ecole.ac-nice.fr\/nice1\/monecole\/wp-json\/wp\/v2\/posts"}],"about":[{"href":"https:\/\/ecole.ac-nice.fr\/nice1\/monecole\/wp-json\/wp\/v2\/types\/post"}],"author":[{"embeddable":true,"href":"https:\/\/ecole.ac-nice.fr\/nice1\/monecole\/wp-json\/wp\/v2\/users\/27"}],"replies":[{"embeddable":true,"href":"https:\/\/ecole.ac-nice.fr\/nice1\/monecole\/wp-json\/wp\/v2\/comments?post=633"}],"version-history":[{"count":3,"href":"https:\/\/ecole.ac-nice.fr\/nice1\/monecole\/wp-json\/wp\/v2\/posts\/633\/revisions"}],"predecessor-version":[{"id":668,"href":"https:\/\/ecole.ac-nice.fr\/nice1\/monecole\/wp-json\/wp\/v2\/posts\/633\/revisions\/668"}],"wp:attachment":[{"href":"https:\/\/ecole.ac-nice.fr\/nice1\/monecole\/wp-json\/wp\/v2\/media?parent=633"}],"wp:term":[{"taxonomy":"category","embeddable":true,"href":"https:\/\/ecole.ac-nice.fr\/nice1\/monecole\/wp-json\/wp\/v2\/categories?post=633"},{"taxonomy":"post_tag","embeddable":true,"href":"https:\/\/ecole.ac-nice.fr\/nice1\/monecole\/wp-json\/wp\/v2\/tags?post=633"}],"curies":[{"name":"wp","href":"https:\/\/api.w.org\/{rel}","templated":true}]}}