{"id":848,"date":"2019-02-08T11:49:28","date_gmt":"2019-02-08T10:49:28","guid":{"rendered":"http:\/\/ecole.ac-nice.fr\/nice1\/chateaugs\/?p=848"},"modified":"2019-03-22T10:11:58","modified_gmt":"2019-03-22T09:11:58","slug":"don-des-anysetiers-le-7-fevrier-2019","status":"publish","type":"post","link":"https:\/\/ecole.ac-nice.fr\/nice1\/chateaugs\/don-des-anysetiers-le-7-fevrier-2019\/","title":{"rendered":"Don des Anysetiers"},"content":{"rendered":"<p>L&rsquo;association f\u00e9d\u00e9rative des <a href=\"http:\/\/www.anysetiers.org\/\" target=\"_blank\" rel=\"noopener noreferrer\">Anysetiers<\/a> existe depuis 1263 ! \u00c0 cette \u00e9poque les membres de cette corporation soignaient les malades\u00a0 \u00e0 l&rsquo;aide de m\u00e9dicaments issus de la graine d&rsquo;anis.\u00a0 <img loading=\"lazy\" decoding=\"async\" class=\"alignnone size-full wp-image-850\" src=\"https:\/\/ecole.ac-nice.fr\/nice1\/chateaugs\/wp-content\/uploads\/sites\/24\/2019\/02\/anis-etoile-badiane-detail.png\" alt=\"\" width=\"128\" height=\"103\" \/><\/p>\n<p>Aujourd&rsquo;hui encore, ils r\u00e9alisent de nombreuses actions sociales destin\u00e9es \u00e0 venir en aide \u00e0 la recherche m\u00e9dicale, aux personnes dans le d\u00e9nuement, ou \u00e0 celles qui sont en situation de handicap.<\/p>\n<p>Dans ce cadre, ils ont offert aux \u00e9l\u00e8ves de l&rsquo;\u00e9cole sp\u00e9cialis\u00e9e une dizaine de v\u00e9los de collectivit\u00e9 et 4 machines pour \u00e9crire le braille. Ces machines vont constituer un parc de remplacement qui permettra \u00e0 nos \u00e9l\u00e8ves de continuer \u00e0 \u00e9crire lorsque la leur est en panne (ce qui arrive malheureusement assez souvent), dans l&rsquo;attente du remplacement institutionnel par les services de l&rsquo;\u00c9ducation nationale.<\/p>\n<p>Nous les en remercions vivement !<\/p>\n<p>Un petit reportage sur cette remise a \u00e9t\u00e9 r\u00e9alis\u00e9 par une \u00e9quipe de France 3 C\u00f4te d&rsquo;Azur. Vous le trouverez \u00e0 la 21e minute du journal 19\/20 du 07\/02\/2019.<\/p>\n<p><a href=\"https:\/\/france3-regions.francetvinfo.fr\/provence-alpes-cote-d-azur\/emissions\/jt-1920-cote-d-azur\" target=\"_blank\" rel=\"noopener noreferrer\"><img loading=\"lazy\" decoding=\"async\" class=\"wp-image-853 aligncenter\" src=\"https:\/\/ecole.ac-nice.fr\/nice1\/chateaugs\/wp-content\/uploads\/sites\/24\/2019\/02\/Vignette_F3.jpg\" alt=\"\" width=\"150\" height=\"139\" \/><\/a><\/p>\n","protected":false},"excerpt":{"rendered":"<p>L&rsquo;association f\u00e9d\u00e9rative des Anysetiers existe depuis 1263 ! \u00c0 cette \u00e9poque les membres de cette corporation soignaient les malades\u00a0 \u00e0 l&rsquo;aide de m\u00e9dicaments issus de la graine d&rsquo;anis.\u00a0 Aujourd&rsquo;hui encore, ils r\u00e9alisent de nombreuses actions sociales destin\u00e9es \u00e0 venir en aide \u00e0 la recherche m\u00e9dicale, aux personnes dans le d\u00e9nuement, ou \u00e0 celles qui sont &hellip; <a href=\"https:\/\/ecole.ac-nice.fr\/nice1\/chateaugs\/don-des-anysetiers-le-7-fevrier-2019\/\" class=\"more-link\">Continuer la lecture de <span class=\"screen-reader-text\">Don des Anysetiers<\/span> <span class=\"meta-nav\">&rarr;<\/span><\/a><\/p>\n","protected":false},"author":43,"featured_media":0,"comment_status":"closed","ping_status":"open","sticky":false,"template":"","format":"standard","meta":{"footnotes":""},"categories":[63],"tags":[],"class_list":["post-848","post","type-post","status-publish","format-standard","hentry","category-evprospe"],"_links":{"self":[{"href":"https:\/\/ecole.ac-nice.fr\/nice1\/chateaugs\/wp-json\/wp\/v2\/posts\/848","targetHints":{"allow":["GET"]}}],"collection":[{"href":"https:\/\/ecole.ac-nice.fr\/nice1\/chateaugs\/wp-json\/wp\/v2\/posts"}],"about":[{"href":"https:\/\/ecole.ac-nice.fr\/nice1\/chateaugs\/wp-json\/wp\/v2\/types\/post"}],"author":[{"embeddable":true,"href":"https:\/\/ecole.ac-nice.fr\/nice1\/chateaugs\/wp-json\/wp\/v2\/users\/43"}],"replies":[{"embeddable":true,"href":"https:\/\/ecole.ac-nice.fr\/nice1\/chateaugs\/wp-json\/wp\/v2\/comments?post=848"}],"version-history":[{"count":16,"href":"https:\/\/ecole.ac-nice.fr\/nice1\/chateaugs\/wp-json\/wp\/v2\/posts\/848\/revisions"}],"predecessor-version":[{"id":993,"href":"https:\/\/ecole.ac-nice.fr\/nice1\/chateaugs\/wp-json\/wp\/v2\/posts\/848\/revisions\/993"}],"wp:attachment":[{"href":"https:\/\/ecole.ac-nice.fr\/nice1\/chateaugs\/wp-json\/wp\/v2\/media?parent=848"}],"wp:term":[{"taxonomy":"category","embeddable":true,"href":"https:\/\/ecole.ac-nice.fr\/nice1\/chateaugs\/wp-json\/wp\/v2\/categories?post=848"},{"taxonomy":"post_tag","embeddable":true,"href":"https:\/\/ecole.ac-nice.fr\/nice1\/chateaugs\/wp-json\/wp\/v2\/tags?post=848"}],"curies":[{"name":"wp","href":"https:\/\/api.w.org\/{rel}","templated":true}]}}