{"id":756,"date":"2018-01-17T20:24:18","date_gmt":"2018-01-17T19:24:18","guid":{"rendered":"http:\/\/ecole.ac-nice.fr\/nice1\/chateaugs\/?p=756"},"modified":"2019-01-28T21:32:23","modified_gmt":"2019-01-28T20:32:23","slug":"la-musique-des-sapeurs-pompiers-a-lecole","status":"publish","type":"post","link":"https:\/\/ecole.ac-nice.fr\/nice1\/chateaugs\/la-musique-des-sapeurs-pompiers-a-lecole\/","title":{"rendered":"17\/01\/18 : La musique des sapeurs-pompiers \u00e0 l&rsquo;\u00e9cole"},"content":{"rendered":"<p><img loading=\"lazy\" decoding=\"async\" class=\"alignnone wp-image-761 \" src=\"https:\/\/ecole.ac-nice.fr\/nice1\/chateaugs\/wp-content\/uploads\/sites\/24\/2019\/01\/d74869b2-f809-4ce2-93a8-2f88fb85dab4.jpg\" alt=\"\" width=\"405\" height=\"345\" srcset=\"https:\/\/ecole.ac-nice.fr\/nice1\/chateaugs\/wp-content\/uploads\/sites\/24\/2019\/01\/d74869b2-f809-4ce2-93a8-2f88fb85dab4.jpg 750w, https:\/\/ecole.ac-nice.fr\/nice1\/chateaugs\/wp-content\/uploads\/sites\/24\/2019\/01\/d74869b2-f809-4ce2-93a8-2f88fb85dab4-300x256.jpg 300w\" sizes=\"auto, (max-width: 405px) 100vw, 405px\" \/><\/p>\n<p>Pr\u00e9sentation d&rsquo;instruments et petit concert bien sympathique.<\/p>\n<p>Un grand merci \u00e0 la musique des sapeurs-pompiers de Nice !<\/p>\n<p>Articles et vid\u00e9os sur <a href=\"https:\/\/www.youtube.com\/watch?v=ySCHwTfrFZo&amp;sns=fb&amp;fbclid=IwAR1bYWWzegc_3s1CayqVVFDbdiKDkiq_9vjkmR-HzzOKi76f7A3GjJDg08A\">Nice.fr<\/a> &#8211; <a href=\"https:\/\/www.facebook.com\/AzurTV\/videos\/1555300451190676\/?hc_ref=ARSWSSLVHGKveWObYC2KqfkH1DKehPD9-n9FsmQrsz3KdHmrErcd9ThpwBPmRHCM58s&amp;__xts__[0]=68.ARAW2fEmTHR_LRFe0hrVp38yR6IiF-fbEm4eunp8YcnlG6O0IrugaYyOTce_WzJLsa5f6oq-Fi-ihiWEHNuK47aXUaszTZlKxAkEX_6umkU9Qxz-C5Z6i-MCNZj4E04crLrFXLP4-C25fyzWEwAY9jjeC5Wq5Ek9HEL5r2n0pSCgSUGz8gHbiPdaZ9VcCC7GXwtN6b8rKjzwiLsfsAEwHiPDEnJW7iObOpo9Ks99tBVfovRNUTCxrF9jv4xPkzS278E7yRBFvQD1s_j83RZ4lVlcNRGZWDb0d346woUwSpoeOfitMi9zeAt9o1sQwLgtWfi048ynwAT_pInyKqFwmdeEjuUvE8v4TUuSE7kAMkRbxyII-Der0AibbNBx2gorfITMsbPGvdL80pSmmky7gDqAXAYzP5UvIAExDEpx1c-1O6B0MDIhQIBw6bdSnojN5Ql4AF8jHDiTv5fHDQO-61N-PNM8JWsprkES-RgOuK3Yh9wif9jjk2U4MHRo2Bs0X0yF&amp;__tn__=FC-R\">Azur TV<\/a> &#8211; <a href=\"https:\/\/france3-regions.francetvinfo.fr\/provence-alpes-cote-d-azur\/alpes-maritimes\/nice\/nice-quand-pompiers-font-fanfare-ecole-1402289.html?fbclid=IwAR19ZDrlfSTw2IWpJ1XfFB5HC3zSJlGKXGgQEm4DhI58C4tYcVlp4Se6V10\">France3<\/a><\/p>\n<p>&nbsp;<\/p>\n","protected":false},"excerpt":{"rendered":"<p>Pr\u00e9sentation d&rsquo;instruments et petit concert bien sympathique. Un grand merci \u00e0 la musique des sapeurs-pompiers de Nice ! Articles et vid\u00e9os sur Nice.fr &#8211; Azur TV &#8211; France3 &nbsp;<\/p>\n","protected":false},"author":39,"featured_media":0,"comment_status":"closed","ping_status":"open","sticky":false,"template":"","format":"standard","meta":{"footnotes":""},"categories":[44],"tags":[],"class_list":["post-756","post","type-post","status-publish","format-standard","hentry","category-evproelem"],"_links":{"self":[{"href":"https:\/\/ecole.ac-nice.fr\/nice1\/chateaugs\/wp-json\/wp\/v2\/posts\/756","targetHints":{"allow":["GET"]}}],"collection":[{"href":"https:\/\/ecole.ac-nice.fr\/nice1\/chateaugs\/wp-json\/wp\/v2\/posts"}],"about":[{"href":"https:\/\/ecole.ac-nice.fr\/nice1\/chateaugs\/wp-json\/wp\/v2\/types\/post"}],"author":[{"embeddable":true,"href":"https:\/\/ecole.ac-nice.fr\/nice1\/chateaugs\/wp-json\/wp\/v2\/users\/39"}],"replies":[{"embeddable":true,"href":"https:\/\/ecole.ac-nice.fr\/nice1\/chateaugs\/wp-json\/wp\/v2\/comments?post=756"}],"version-history":[{"count":6,"href":"https:\/\/ecole.ac-nice.fr\/nice1\/chateaugs\/wp-json\/wp\/v2\/posts\/756\/revisions"}],"predecessor-version":[{"id":765,"href":"https:\/\/ecole.ac-nice.fr\/nice1\/chateaugs\/wp-json\/wp\/v2\/posts\/756\/revisions\/765"}],"wp:attachment":[{"href":"https:\/\/ecole.ac-nice.fr\/nice1\/chateaugs\/wp-json\/wp\/v2\/media?parent=756"}],"wp:term":[{"taxonomy":"category","embeddable":true,"href":"https:\/\/ecole.ac-nice.fr\/nice1\/chateaugs\/wp-json\/wp\/v2\/categories?post=756"},{"taxonomy":"post_tag","embeddable":true,"href":"https:\/\/ecole.ac-nice.fr\/nice1\/chateaugs\/wp-json\/wp\/v2\/tags?post=756"}],"curies":[{"name":"wp","href":"https:\/\/api.w.org\/{rel}","templated":true}]}}