{"id":3320,"date":"2023-03-03T14:40:57","date_gmt":"2023-03-03T13:40:57","guid":{"rendered":"https:\/\/ecole.ac-nice.fr\/nice1\/chateaugs\/?p=3320"},"modified":"2024-06-04T14:34:52","modified_gmt":"2024-06-04T12:34:52","slug":"le-carnaval-2023","status":"publish","type":"post","link":"https:\/\/ecole.ac-nice.fr\/nice1\/chateaugs\/le-carnaval-2023\/","title":{"rendered":"Le carnaval 2023"},"content":{"rendered":"<p>Ce jeudi 2 mars 2023, nous avons f\u00eat\u00e9 carnaval dans les trois \u00e9coles du Ch\u00e2teau.<\/p>\n<p>Au rythme des percussions br\u00e9siliennes, les enfants et le personnel de l&rsquo;\u00e9cole sp\u00e9cialis\u00e9e sont all\u00e9s rendre visite aux deux autres \u00e9coles du groupe scolaire.\u00a0 La f\u00eate s&rsquo;est termin\u00e9e par trois g\u00e9n\u00e9reux go\u00fbters.<\/p>\n<p>Un immense merci \u00e0 Kristo et \u00e0 tous les percussionnistes de l&rsquo;association <a href=\"http:\/\/www.pangaea.fr\/\" target=\"_blank\" rel=\"noopener noreferrer\">PANGAEA<\/a> qui animent si parfaitement nos carnavals depuis presque 10 ans !<\/p>\n<p>Kristo intervient \u00e9galement tout au long de l&rsquo;ann\u00e9e aupr\u00e8s des \u00e9l\u00e8ves du Ch\u00e2teau pour leur transmettre les techniques de batucada, dans des groupes constitu\u00e9s de classes de l&rsquo;\u00e9cole \u00e9l\u00e9mentaire et de l&rsquo;\u00e9cole sp\u00e9cialis\u00e9e. Cette ann\u00e9e encore, l&rsquo;activit\u00e9 est financ\u00e9e par le conseil local FCPE, <a href=\"http:\/\/regarddons.org\/\" target=\"_blank\" rel=\"noopener noreferrer\">l&rsquo;APEDV06 Regarddons ensemble<\/a> et la coop\u00e9rative de l&rsquo;\u00e9cole \u00e9l\u00e9mentaire.<\/p>\n<p>Quelques photos et <a href=\"https:\/\/acamedia.ac-nice.fr\/carnaval2023mp4_v8395\" target=\"_blank\" rel=\"noopener\">une vid\u00e9o<\/a>, qui ne donnent qu&rsquo;un tout petit aper\u00e7u de cette f\u00eate traditionnelle tr\u00e8s r\u00e9ussie :<\/p>\n<p><a href=\"http:\/\/ecole.ac-nice.fr\/nice1\/chateaugs\/wp-content\/uploads\/sites\/24\/2023\/03\/Montage_Carnaval_2023_2.jpg\" target=\"_blank\" rel=\"noopener\"><img loading=\"lazy\" decoding=\"async\" class=\"alignnone wp-image-3323 size-large\" src=\"http:\/\/ecole.ac-nice.fr\/nice1\/chateaugs\/wp-content\/uploads\/sites\/24\/2023\/03\/Montage_Carnaval_2023_2-1024x1024.jpg\" alt=\"\" width=\"604\" height=\"604\" srcset=\"https:\/\/ecole.ac-nice.fr\/nice1\/chateaugs\/wp-content\/uploads\/sites\/24\/2023\/03\/Montage_Carnaval_2023_2-1024x1024.jpg 1024w, https:\/\/ecole.ac-nice.fr\/nice1\/chateaugs\/wp-content\/uploads\/sites\/24\/2023\/03\/Montage_Carnaval_2023_2-300x300.jpg 300w, https:\/\/ecole.ac-nice.fr\/nice1\/chateaugs\/wp-content\/uploads\/sites\/24\/2023\/03\/Montage_Carnaval_2023_2-150x150.jpg 150w, https:\/\/ecole.ac-nice.fr\/nice1\/chateaugs\/wp-content\/uploads\/sites\/24\/2023\/03\/Montage_Carnaval_2023_2-768x768.jpg 768w, https:\/\/ecole.ac-nice.fr\/nice1\/chateaugs\/wp-content\/uploads\/sites\/24\/2023\/03\/Montage_Carnaval_2023_2.jpg 1200w\" sizes=\"auto, (max-width: 604px) 100vw, 604px\" \/><\/a><br \/>\n<a href=\"http:\/\/ecole.ac-nice.fr\/nice1\/chateaugs\/wp-content\/uploads\/sites\/24\/2023\/03\/Carnaval-Seda.jpg\" target=\"_blank\" rel=\"noopener\"><img loading=\"lazy\" decoding=\"async\" class=\"alignnone wp-image-3326 size-large\" src=\"http:\/\/ecole.ac-nice.fr\/nice1\/chateaugs\/wp-content\/uploads\/sites\/24\/2023\/03\/Carnaval-Seda-1024x724.jpg\" alt=\"\" width=\"604\" height=\"427\" srcset=\"https:\/\/ecole.ac-nice.fr\/nice1\/chateaugs\/wp-content\/uploads\/sites\/24\/2023\/03\/Carnaval-Seda-1024x724.jpg 1024w, https:\/\/ecole.ac-nice.fr\/nice1\/chateaugs\/wp-content\/uploads\/sites\/24\/2023\/03\/Carnaval-Seda-300x212.jpg 300w, https:\/\/ecole.ac-nice.fr\/nice1\/chateaugs\/wp-content\/uploads\/sites\/24\/2023\/03\/Carnaval-Seda-768x543.jpg 768w, https:\/\/ecole.ac-nice.fr\/nice1\/chateaugs\/wp-content\/uploads\/sites\/24\/2023\/03\/Carnaval-Seda-1536x1087.jpg 1536w, https:\/\/ecole.ac-nice.fr\/nice1\/chateaugs\/wp-content\/uploads\/sites\/24\/2023\/03\/Carnaval-Seda.jpg 1600w\" sizes=\"auto, (max-width: 604px) 100vw, 604px\" \/><\/a><\/p>\n","protected":false},"excerpt":{"rendered":"<p>Ce jeudi 2 mars 2023, nous avons f\u00eat\u00e9 carnaval dans les trois \u00e9coles du Ch\u00e2teau. Au rythme des percussions br\u00e9siliennes, les enfants et le personnel de l&rsquo;\u00e9cole sp\u00e9cialis\u00e9e sont all\u00e9s rendre visite aux deux autres \u00e9coles du groupe scolaire.\u00a0 La f\u00eate s&rsquo;est termin\u00e9e par trois g\u00e9n\u00e9reux go\u00fbters. Un immense merci \u00e0 Kristo et \u00e0 tous &hellip; <a href=\"https:\/\/ecole.ac-nice.fr\/nice1\/chateaugs\/le-carnaval-2023\/\" class=\"more-link\">Continuer la lecture de <span class=\"screen-reader-text\">Le carnaval 2023<\/span> <span class=\"meta-nav\">&rarr;<\/span><\/a><\/p>\n","protected":false},"author":43,"featured_media":0,"comment_status":"closed","ping_status":"open","sticky":false,"template":"","format":"standard","meta":{"footnotes":""},"categories":[63,1],"tags":[],"class_list":["post-3320","post","type-post","status-publish","format-standard","hentry","category-evprospe","category-non-classe"],"_links":{"self":[{"href":"https:\/\/ecole.ac-nice.fr\/nice1\/chateaugs\/wp-json\/wp\/v2\/posts\/3320","targetHints":{"allow":["GET"]}}],"collection":[{"href":"https:\/\/ecole.ac-nice.fr\/nice1\/chateaugs\/wp-json\/wp\/v2\/posts"}],"about":[{"href":"https:\/\/ecole.ac-nice.fr\/nice1\/chateaugs\/wp-json\/wp\/v2\/types\/post"}],"author":[{"embeddable":true,"href":"https:\/\/ecole.ac-nice.fr\/nice1\/chateaugs\/wp-json\/wp\/v2\/users\/43"}],"replies":[{"embeddable":true,"href":"https:\/\/ecole.ac-nice.fr\/nice1\/chateaugs\/wp-json\/wp\/v2\/comments?post=3320"}],"version-history":[{"count":7,"href":"https:\/\/ecole.ac-nice.fr\/nice1\/chateaugs\/wp-json\/wp\/v2\/posts\/3320\/revisions"}],"predecessor-version":[{"id":3329,"href":"https:\/\/ecole.ac-nice.fr\/nice1\/chateaugs\/wp-json\/wp\/v2\/posts\/3320\/revisions\/3329"}],"wp:attachment":[{"href":"https:\/\/ecole.ac-nice.fr\/nice1\/chateaugs\/wp-json\/wp\/v2\/media?parent=3320"}],"wp:term":[{"taxonomy":"category","embeddable":true,"href":"https:\/\/ecole.ac-nice.fr\/nice1\/chateaugs\/wp-json\/wp\/v2\/categories?post=3320"},{"taxonomy":"post_tag","embeddable":true,"href":"https:\/\/ecole.ac-nice.fr\/nice1\/chateaugs\/wp-json\/wp\/v2\/tags?post=3320"}],"curies":[{"name":"wp","href":"https:\/\/api.w.org\/{rel}","templated":true}]}}