{"id":2954,"date":"2023-10-13T18:00:17","date_gmt":"2023-10-13T16:00:17","guid":{"rendered":"https:\/\/ecole.ac-nice.fr\/nice1\/chateaugs\/?p=2954"},"modified":"2024-06-04T14:27:21","modified_gmt":"2024-06-04T12:27:21","slug":"election-parents-deleves-2023","status":"publish","type":"post","link":"https:\/\/ecole.ac-nice.fr\/nice1\/chateaugs\/election-parents-deleves-2023\/","title":{"rendered":"\u00c9LECTION PARENTS D&rsquo;\u00c9L\u00c8VES 2023"},"content":{"rendered":"<p><span style=\"font-size: 20px\">Les \u00e9lections des repr\u00e9sentants de parents d&rsquo;\u00e9l\u00e8ves au conseil d&rsquo;\u00e9cole ont eu lieu le vendredi<strong> 13 octobre 2023<\/strong>.<\/span><\/p>\n<p><span style=\"font-size: 20px\">\u00c0 l&rsquo;\u00e9cole sp\u00e9cialis\u00e9e, les parents regroup\u00e9s au sein de l&rsquo;association <em>APEDV 06 RegarDDons<\/em> obtiennent 5 si\u00e8ges sur 5.<\/span><\/p>\n<h5><a href=\"http:\/\/ecole.ac-nice.fr\/nice1\/chateaugs\/wp-content\/uploads\/sites\/24\/2023\/10\/PV_Elections_Parents_0061110Z_2023-2024_sign.pdf\" target=\"_blank\" rel=\"noopener noreferrer\"><strong><span style=\"font-size: 20px\">&#8211; <\/span><\/strong><span style=\"font-size: 20px\"><strong>R\u00e9sultat des \u00e9lections 2023-2024<\/strong><\/span><\/a><\/h5>\n<p><span style=\"font-size: 20px\"><img loading=\"lazy\" decoding=\"async\" class=\"alignnone wp-image-3541 size-full\" src=\"http:\/\/ecole.ac-nice.fr\/nice1\/chateaugs\/wp-content\/uploads\/sites\/24\/0202\/10\/Evolution_Participation_2023.jpg\" alt=\"\" width=\"781\" height=\"352\" srcset=\"https:\/\/ecole.ac-nice.fr\/nice1\/chateaugs\/wp-content\/uploads\/sites\/24\/0202\/10\/Evolution_Participation_2023.jpg 781w, https:\/\/ecole.ac-nice.fr\/nice1\/chateaugs\/wp-content\/uploads\/sites\/24\/0202\/10\/Evolution_Participation_2023-300x135.jpg 300w, https:\/\/ecole.ac-nice.fr\/nice1\/chateaugs\/wp-content\/uploads\/sites\/24\/0202\/10\/Evolution_Participation_2023-768x346.jpg 768w\" sizes=\"auto, (max-width: 781px) 100vw, 781px\" \/><\/span><\/p>\n<p>&nbsp;<\/p>\n<p>&nbsp;<\/p>\n","protected":false},"excerpt":{"rendered":"<p>Les \u00e9lections des repr\u00e9sentants de parents d&rsquo;\u00e9l\u00e8ves au conseil d&rsquo;\u00e9cole ont eu lieu le vendredi 13 octobre 2023. \u00c0 l&rsquo;\u00e9cole sp\u00e9cialis\u00e9e, les parents regroup\u00e9s au sein de l&rsquo;association APEDV 06 RegarDDons obtiennent 5 si\u00e8ges sur 5. &#8211; R\u00e9sultat des \u00e9lections 2023-2024 &nbsp; &nbsp;<\/p>\n","protected":false},"author":43,"featured_media":0,"comment_status":"closed","ping_status":"open","sticky":false,"template":"","format":"standard","meta":{"footnotes":""},"categories":[57,1],"tags":[],"class_list":["post-2954","post","type-post","status-publish","format-standard","hentry","category-cespe","category-non-classe"],"_links":{"self":[{"href":"https:\/\/ecole.ac-nice.fr\/nice1\/chateaugs\/wp-json\/wp\/v2\/posts\/2954","targetHints":{"allow":["GET"]}}],"collection":[{"href":"https:\/\/ecole.ac-nice.fr\/nice1\/chateaugs\/wp-json\/wp\/v2\/posts"}],"about":[{"href":"https:\/\/ecole.ac-nice.fr\/nice1\/chateaugs\/wp-json\/wp\/v2\/types\/post"}],"author":[{"embeddable":true,"href":"https:\/\/ecole.ac-nice.fr\/nice1\/chateaugs\/wp-json\/wp\/v2\/users\/43"}],"replies":[{"embeddable":true,"href":"https:\/\/ecole.ac-nice.fr\/nice1\/chateaugs\/wp-json\/wp\/v2\/comments?post=2954"}],"version-history":[{"count":14,"href":"https:\/\/ecole.ac-nice.fr\/nice1\/chateaugs\/wp-json\/wp\/v2\/posts\/2954\/revisions"}],"predecessor-version":[{"id":3544,"href":"https:\/\/ecole.ac-nice.fr\/nice1\/chateaugs\/wp-json\/wp\/v2\/posts\/2954\/revisions\/3544"}],"wp:attachment":[{"href":"https:\/\/ecole.ac-nice.fr\/nice1\/chateaugs\/wp-json\/wp\/v2\/media?parent=2954"}],"wp:term":[{"taxonomy":"category","embeddable":true,"href":"https:\/\/ecole.ac-nice.fr\/nice1\/chateaugs\/wp-json\/wp\/v2\/categories?post=2954"},{"taxonomy":"post_tag","embeddable":true,"href":"https:\/\/ecole.ac-nice.fr\/nice1\/chateaugs\/wp-json\/wp\/v2\/tags?post=2954"}],"curies":[{"name":"wp","href":"https:\/\/api.w.org\/{rel}","templated":true}]}}