{"id":1225,"date":"2019-06-25T09:26:09","date_gmt":"2019-06-25T07:26:09","guid":{"rendered":"http:\/\/ecole.ac-nice.fr\/nice1\/chateaugs\/?p=1225"},"modified":"2019-09-10T09:02:12","modified_gmt":"2019-09-10T07:02:12","slug":"la-parade-des-masques","status":"publish","type":"post","link":"https:\/\/ecole.ac-nice.fr\/nice1\/chateaugs\/la-parade-des-masques\/","title":{"rendered":"La parade des masques"},"content":{"rendered":"<p>Lundi 3 juin 2019, nous avons d\u00e9ambul\u00e9 masqu\u00e9s dans la vieille ville, sous la conduite du \u00ab\u00a0Capitan\u00a0\u00bb et de sa mini trompette. Les masques sont ceux qui ont \u00e9t\u00e9 fabriqu\u00e9s tout au long de l&rsquo;ann\u00e9e scolaire par les enfants, avec <a href=\"https:\/\/ecole.ac-nice.fr\/nice1\/chateaugs\/815-2\/\">Sylwia BERNAT<\/a>. La sortie a \u00e9t\u00e9 film\u00e9e, puis mont\u00e9e en double \u00e9cran par l&rsquo;association <a href=\"http:\/\/www.iletaituntruc.com\/?page_id=1641\" target=\"_blank\" rel=\"noopener noreferrer\">Il \u00e9tait un Truc&#8230;<\/a> avec laquelle nous travaillons depuis 4 ans. Le Capitan est un com\u00e9dien de la <a href=\"https:\/\/www.compagniebal.com\/\" target=\"_blank\" rel=\"noopener noreferrer\">compagnie BAL<\/a>, qui est aussi intervenue plusieurs fois dans notre \u00e9cole. Le tout a \u00e9t\u00e9 financ\u00e9 par l&rsquo;association de parents de l&rsquo;\u00e9cole <a href=\"http:\/\/regarddons.org\/\" target=\"_blank\" rel=\"noopener noreferrer\">APEDV 06 \/ Regarddons ensemble.<\/a><\/p>\n<p>Merci \u00e0 eux tous pour cette exp\u00e9rience !<\/p>\n<p><a href=\"http:\/\/ecole.ac-nice.fr\/nice1\/chateaugs\/la-parade-des-masques\/masques_pour-montage_1\/\" target=\"_blank\" rel=\"noopener noreferrer\"><img loading=\"lazy\" decoding=\"async\" class=\"aligncenter wp-image-1223 size-full\" src=\"https:\/\/ecole.ac-nice.fr\/nice1\/chateaugs\/wp-content\/uploads\/sites\/24\/2019\/06\/Masques_pour-montage_1.jpg\" alt=\"\" width=\"1024\" height=\"1024\" srcset=\"https:\/\/ecole.ac-nice.fr\/nice1\/chateaugs\/wp-content\/uploads\/sites\/24\/2019\/06\/Masques_pour-montage_1.jpg 1024w, https:\/\/ecole.ac-nice.fr\/nice1\/chateaugs\/wp-content\/uploads\/sites\/24\/2019\/06\/Masques_pour-montage_1-150x150.jpg 150w, https:\/\/ecole.ac-nice.fr\/nice1\/chateaugs\/wp-content\/uploads\/sites\/24\/2019\/06\/Masques_pour-montage_1-300x300.jpg 300w, https:\/\/ecole.ac-nice.fr\/nice1\/chateaugs\/wp-content\/uploads\/sites\/24\/2019\/06\/Masques_pour-montage_1-768x768.jpg 768w\" sizes=\"auto, (max-width: 1024px) 100vw, 1024px\" \/><\/a><a href=\"http:\/\/ecole.ac-nice.fr\/nice1\/chateaugs\/la-parade-des-masques\/masques_pour-montage_2\/\" target=\"_blank\" rel=\"noopener noreferrer\"><img loading=\"lazy\" decoding=\"async\" class=\"aligncenter wp-image-1224 size-full\" src=\"https:\/\/ecole.ac-nice.fr\/nice1\/chateaugs\/wp-content\/uploads\/sites\/24\/2019\/06\/Masques_pour-montage_2.jpg\" alt=\"\" width=\"1024\" height=\"1024\" srcset=\"https:\/\/ecole.ac-nice.fr\/nice1\/chateaugs\/wp-content\/uploads\/sites\/24\/2019\/06\/Masques_pour-montage_2.jpg 1024w, https:\/\/ecole.ac-nice.fr\/nice1\/chateaugs\/wp-content\/uploads\/sites\/24\/2019\/06\/Masques_pour-montage_2-150x150.jpg 150w, https:\/\/ecole.ac-nice.fr\/nice1\/chateaugs\/wp-content\/uploads\/sites\/24\/2019\/06\/Masques_pour-montage_2-300x300.jpg 300w, https:\/\/ecole.ac-nice.fr\/nice1\/chateaugs\/wp-content\/uploads\/sites\/24\/2019\/06\/Masques_pour-montage_2-768x768.jpg 768w\" sizes=\"auto, (max-width: 1024px) 100vw, 1024px\" \/><\/a>Photos : Claude VALENTI<\/p>\n<p>La vid\u00e9o de la d\u00e9ambulation a \u00e9t\u00e9 envoy\u00e9e individuellement aux familles.<\/p>\n","protected":false},"excerpt":{"rendered":"<p>Lundi 3 juin 2019, nous avons d\u00e9ambul\u00e9 masqu\u00e9s dans la vieille ville, sous la conduite du \u00ab\u00a0Capitan\u00a0\u00bb et de sa mini trompette. Les masques sont ceux qui ont \u00e9t\u00e9 fabriqu\u00e9s tout au long de l&rsquo;ann\u00e9e scolaire par les enfants, avec Sylwia BERNAT. La sortie a \u00e9t\u00e9 film\u00e9e, puis mont\u00e9e en double \u00e9cran par l&rsquo;association Il &hellip; <a href=\"https:\/\/ecole.ac-nice.fr\/nice1\/chateaugs\/la-parade-des-masques\/\" class=\"more-link\">Continuer la lecture de <span class=\"screen-reader-text\">La parade des masques<\/span> <span class=\"meta-nav\">&rarr;<\/span><\/a><\/p>\n","protected":false},"author":43,"featured_media":0,"comment_status":"closed","ping_status":"open","sticky":false,"template":"","format":"standard","meta":{"footnotes":""},"categories":[63],"tags":[],"class_list":["post-1225","post","type-post","status-publish","format-standard","hentry","category-evprospe"],"_links":{"self":[{"href":"https:\/\/ecole.ac-nice.fr\/nice1\/chateaugs\/wp-json\/wp\/v2\/posts\/1225","targetHints":{"allow":["GET"]}}],"collection":[{"href":"https:\/\/ecole.ac-nice.fr\/nice1\/chateaugs\/wp-json\/wp\/v2\/posts"}],"about":[{"href":"https:\/\/ecole.ac-nice.fr\/nice1\/chateaugs\/wp-json\/wp\/v2\/types\/post"}],"author":[{"embeddable":true,"href":"https:\/\/ecole.ac-nice.fr\/nice1\/chateaugs\/wp-json\/wp\/v2\/users\/43"}],"replies":[{"embeddable":true,"href":"https:\/\/ecole.ac-nice.fr\/nice1\/chateaugs\/wp-json\/wp\/v2\/comments?post=1225"}],"version-history":[{"count":9,"href":"https:\/\/ecole.ac-nice.fr\/nice1\/chateaugs\/wp-json\/wp\/v2\/posts\/1225\/revisions"}],"predecessor-version":[{"id":1238,"href":"https:\/\/ecole.ac-nice.fr\/nice1\/chateaugs\/wp-json\/wp\/v2\/posts\/1225\/revisions\/1238"}],"wp:attachment":[{"href":"https:\/\/ecole.ac-nice.fr\/nice1\/chateaugs\/wp-json\/wp\/v2\/media?parent=1225"}],"wp:term":[{"taxonomy":"category","embeddable":true,"href":"https:\/\/ecole.ac-nice.fr\/nice1\/chateaugs\/wp-json\/wp\/v2\/categories?post=1225"},{"taxonomy":"post_tag","embeddable":true,"href":"https:\/\/ecole.ac-nice.fr\/nice1\/chateaugs\/wp-json\/wp\/v2\/tags?post=1225"}],"curies":[{"name":"wp","href":"https:\/\/api.w.org\/{rel}","templated":true}]}}