{"id":1166,"date":"2019-05-14T16:30:05","date_gmt":"2019-05-14T14:30:05","guid":{"rendered":"http:\/\/ecole.ac-nice.fr\/nice1\/chateaugs\/?p=1166"},"modified":"2020-09-19T13:16:12","modified_gmt":"2020-09-19T11:16:12","slug":"la-journee-sportive-ela","status":"publish","type":"post","link":"https:\/\/ecole.ac-nice.fr\/nice1\/chateaugs\/la-journee-sportive-ela\/","title":{"rendered":"14\/05\/19 : Journ\u00e9e sportive ELA"},"content":{"rendered":"<p>La journ\u00e9e sportive <a href=\"https:\/\/ela-asso.com\/les-leucodystrophies\/comment-combattre-les-leucodystrophies\/\" target=\"_blank\" rel=\"noopener noreferrer\">ELA &#8211; <em>Mets tes baskets et bats la maladie &#8211;<\/em><\/a> s&rsquo;est d\u00e9roul\u00e9e ce mardi 14 mai 2019 au stade Vauban \u00e0 Nice. Elle \u00e9tait plac\u00e9e sous l&rsquo;\u00e9gide du Minist\u00e8re de l&rsquo;\u00c9ducation Nationale et de la Ville de Nice.<\/p>\n<p>Elle a r\u00e9uni 4 \u00e9coles ni\u00e7oises : Ch\u00e2teau \u00e9l\u00e9mentaire, Ch\u00e2teau sp\u00e9cialis\u00e9e, Pierre Merle et Risso.\u00a0 L&rsquo;id\u00e9e de cette journ\u00e9e est de participer \u00e0 la campagne de sensibilisation aux leucodystrophies, une maladie g\u00e9n\u00e9tique rare tr\u00e8s invalidante, et de susciter des dons pour aider la recherche m\u00e9dicale et soutenir les familles.<\/p>\n<p>Une dict\u00e9e ELA avait d\u00e9j\u00e0 \u00e9t\u00e9 organis\u00e9e dans ces 4 \u00e9coles en octobre dernier.<\/p>\n<p>Pour les \u00e9l\u00e8ves, et les adultes accompagnateurs, ce fut une journ\u00e9e riche en actions en en \u00e9motions : courses, basket, lancer, saut et d\u00e9couverte du tandem avec l&rsquo;association <a href=\"https:\/\/anices.fr\/tandem-velo\/\" target=\"_blank\" rel=\"noopener noreferrer\">ANICES.<\/a><\/p>\n<p>Un grand merci au directeur de l&rsquo;\u00e9cole \u00e9l\u00e9mentaire du Ch\u00e2teau de l&rsquo;avoir organis\u00e9e !<\/p>\n<p><a href=\"https:\/\/ecole.ac-nice.fr\/nice1\/chateaugs\/wp-content\/uploads\/sites\/24\/2019\/05\/ELA_2019_C1.jpg\" target=\"_blank\" rel=\"noopener noreferrer\"><img loading=\"lazy\" decoding=\"async\" class=\"alignnone wp-image-1164 size-large\" src=\"https:\/\/ecole.ac-nice.fr\/nice1\/chateaugs\/wp-content\/uploads\/sites\/24\/2019\/05\/ELA_2019_C1-1024x740.jpg\" alt=\"\" width=\"604\" height=\"436\" srcset=\"https:\/\/ecole.ac-nice.fr\/nice1\/chateaugs\/wp-content\/uploads\/sites\/24\/2019\/05\/ELA_2019_C1-1024x740.jpg 1024w, https:\/\/ecole.ac-nice.fr\/nice1\/chateaugs\/wp-content\/uploads\/sites\/24\/2019\/05\/ELA_2019_C1-300x217.jpg 300w, https:\/\/ecole.ac-nice.fr\/nice1\/chateaugs\/wp-content\/uploads\/sites\/24\/2019\/05\/ELA_2019_C1-768x555.jpg 768w, https:\/\/ecole.ac-nice.fr\/nice1\/chateaugs\/wp-content\/uploads\/sites\/24\/2019\/05\/ELA_2019_C1.jpg 1600w\" sizes=\"auto, (max-width: 604px) 100vw, 604px\" \/><\/a><\/p>\n","protected":false},"excerpt":{"rendered":"<p>La journ\u00e9e sportive ELA &#8211; Mets tes baskets et bats la maladie &#8211; s&rsquo;est d\u00e9roul\u00e9e ce mardi 14 mai 2019 au stade Vauban \u00e0 Nice. Elle \u00e9tait plac\u00e9e sous l&rsquo;\u00e9gide du Minist\u00e8re de l&rsquo;\u00c9ducation Nationale et de la Ville de Nice. Elle a r\u00e9uni 4 \u00e9coles ni\u00e7oises : Ch\u00e2teau \u00e9l\u00e9mentaire, Ch\u00e2teau sp\u00e9cialis\u00e9e, Pierre Merle et &hellip; <a href=\"https:\/\/ecole.ac-nice.fr\/nice1\/chateaugs\/la-journee-sportive-ela\/\" class=\"more-link\">Continuer la lecture de <span class=\"screen-reader-text\">14\/05\/19 : Journ\u00e9e sportive ELA<\/span> <span class=\"meta-nav\">&rarr;<\/span><\/a><\/p>\n","protected":false},"author":43,"featured_media":1165,"comment_status":"closed","ping_status":"open","sticky":false,"template":"","format":"standard","meta":{"footnotes":""},"categories":[44,63],"tags":[],"class_list":["post-1166","post","type-post","status-publish","format-standard","has-post-thumbnail","hentry","category-evproelem","category-evprospe"],"_links":{"self":[{"href":"https:\/\/ecole.ac-nice.fr\/nice1\/chateaugs\/wp-json\/wp\/v2\/posts\/1166","targetHints":{"allow":["GET"]}}],"collection":[{"href":"https:\/\/ecole.ac-nice.fr\/nice1\/chateaugs\/wp-json\/wp\/v2\/posts"}],"about":[{"href":"https:\/\/ecole.ac-nice.fr\/nice1\/chateaugs\/wp-json\/wp\/v2\/types\/post"}],"author":[{"embeddable":true,"href":"https:\/\/ecole.ac-nice.fr\/nice1\/chateaugs\/wp-json\/wp\/v2\/users\/43"}],"replies":[{"embeddable":true,"href":"https:\/\/ecole.ac-nice.fr\/nice1\/chateaugs\/wp-json\/wp\/v2\/comments?post=1166"}],"version-history":[{"count":15,"href":"https:\/\/ecole.ac-nice.fr\/nice1\/chateaugs\/wp-json\/wp\/v2\/posts\/1166\/revisions"}],"predecessor-version":[{"id":1372,"href":"https:\/\/ecole.ac-nice.fr\/nice1\/chateaugs\/wp-json\/wp\/v2\/posts\/1166\/revisions\/1372"}],"wp:featuredmedia":[{"embeddable":true,"href":"https:\/\/ecole.ac-nice.fr\/nice1\/chateaugs\/wp-json\/wp\/v2\/media\/1165"}],"wp:attachment":[{"href":"https:\/\/ecole.ac-nice.fr\/nice1\/chateaugs\/wp-json\/wp\/v2\/media?parent=1166"}],"wp:term":[{"taxonomy":"category","embeddable":true,"href":"https:\/\/ecole.ac-nice.fr\/nice1\/chateaugs\/wp-json\/wp\/v2\/categories?post=1166"},{"taxonomy":"post_tag","embeddable":true,"href":"https:\/\/ecole.ac-nice.fr\/nice1\/chateaugs\/wp-json\/wp\/v2\/tags?post=1166"}],"curies":[{"name":"wp","href":"https:\/\/api.w.org\/{rel}","templated":true}]}}