{"id":231,"date":"2017-01-23T16:18:08","date_gmt":"2017-01-23T15:18:08","guid":{"rendered":"http:\/\/ecole.ac-nice.fr\/carros\/stetienne\/?p=231"},"modified":"2017-01-23T16:24:27","modified_gmt":"2017-01-23T15:24:27","slug":"compte-rendu-15-mars-2016","status":"publish","type":"post","link":"https:\/\/ecole.ac-nice.fr\/carros\/stetienne\/?p=231","title":{"rendered":"Compte-Rendu 14 mars 2016"},"content":{"rendered":"<p>Compte rendu du Conseil extraordinaire des \u00e9coles<br \/>\nde St Etienne de Tin\u00e9e et d\u2019Auron du lundi 14 mars 2016<br \/>\nD\u00e9but de s\u00e9ance : 17h00<br \/>\nEducation Nationale : excus\u00e9 Mr Robert, Inspecteur charg\u00e9 de la Circonscription Carros 3 Vall\u00e9es<br \/>\nCentre d\u2019animation \u00ab les \u00e9terlous \u00bb : excus\u00e9e Mme Ferrier, Directrice du centre d\u2019animation les \u00e9terlous (un compte-rendu de la r\u00e9union lui sera communiqu\u00e9)<br \/>\nEnseignants :<br \/>\n\u2022 Ecole de St Etienne:<br \/>\nMme Sabine RIVA: directrice, Mmes Florence BRESSI, Anne MASSENET, Am\u00e9lie BERGONDI, Fr\u00e9d\u00e9rique MANAN et Olivier BOURDERON enseignants<br \/>\nMmes Brigitte Largilli\u00e8re, Ana\u00efs Freeze ATSEM qui interviennent dans les locaux de l\u2019\u00e9cole dans le cadre des TAEP<br \/>\n\u2022 Ecole d\u2019Auron: Mlle Marina MOUTON : directrice.<br \/>\nMairie :<br \/>\nConseill\u00e8re municipale d\u00e9l\u00e9gu\u00e9e aux \u00e9coles : Mme Isabelle LOMBARD,<br \/>\nDDEN : Mme Francine MARIN<br \/>\nD\u00e9l\u00e9gu\u00e9es des parents d\u2019\u00e9l\u00e8ves: Mmes Solenn CHEVALEYRE, Marie RENARD, Elodie CRIVELLI, Nathalie EMERIC, Alexia BRUN<br \/>\nMme Riva remercie les personnes pr\u00e9sentes.<\/p>\n<p>Lors du conseil d\u2019\u00e9cole du 1er mars, les directrices ont d\u00e9j\u00e0 pr\u00e9sent\u00e9\u00a0 le PPMS des 2 \u00e9coles.<\/p>\n<p>Tous les directeurs ont \u00e9t\u00e9 convi\u00e9s \u00e0 une r\u00e9union de pr\u00e9sentation des nouvelles consignes minist\u00e9rielles du plan vigipirate.<br \/>\nTous les directeurs et toutes les mairies ont re\u00e7u un guide vigilance attentat.<br \/>\nLe but de ce conseil d\u2019\u00e9cole, selon les instructions minist\u00e9rielles, est de vous pr\u00e9senter les \u00e9l\u00e9ments.<br \/>\nL\u2019objectif pour chacun des \u00e9tablissements est d\u2019anticiper une attaque \u00e9ventuelle pour cela il faut :<br \/>\n\u2010 D\u00e9velopper les partenariats en fonction des contextes locaux ;<br \/>\n\u2010 Comprendre les r\u00f4les et les responsabilit\u00e9s respectifs ;<br \/>\n\u2010 \u00c9tablir les consignes \u00e9l\u00e8ves, personnels ;<br \/>\n\u2010 Informer la communaut\u00e9 \u00e9ducative sur les conduites \u00e0 tenir ;<br \/>\n\u2010 Sc\u00e9nariser et planifier les exercices ;<br \/>\nDans ce cadre, des exercices auront lieu, les exercices seront annonc\u00e9s aux parents, aux enfants, il n\u2019y aura plus d\u2019exercice inopin\u00e9 pour que tous les partenaires sachent que nous nous situons dans le cadre d\u2019un entra\u00eenement.<br \/>\nLes enfants seront avertis la veille en classe, les parents recevront un mail. Un signal sera utilis\u00e9 pour pr\u00e9venir qu\u2019il s\u2019agit bien d\u2019un exercice : 3 coups de sifflets annonceront que nous nous situons dans le cadre d\u2019un exercice.<br \/>\nDans l\u2019ann\u00e9e, seront r\u00e9alis\u00e9s :<br \/>\n3 exercices d\u2019\u00e9vacuation incendie (1 d\u00e9j\u00e0 r\u00e9alis\u00e9 cette ann\u00e9e)<br \/>\n2 exercices autres risques<br \/>\n\u2022\u00a0 1 attentat<br \/>\n\u2022 1 autre risque (d\u00e9j\u00e0 r\u00e9alis\u00e9 cette ann\u00e9e)<br \/>\nLes exercices seront r\u00e9alis\u00e9s le jour o\u00f9 Mme Noailly (REGAD) prend en charge des \u00e9l\u00e8ves dans la biblioth\u00e8que situ\u00e9e sous l\u2019\u00e9cole (\u00e0 Saint Etienne).<br \/>\nDans le cas d\u2019une alerte \u00ab attentat\u00a0 ou intrusion ext\u00e9rieure\u00bb, 2 situations seront possibles :<br \/>\n\u2022 S\u2019enfermer : situation de confinement<br \/>\nRester \u00e0 l\u2019int\u00e9rieur en s\u2019enfermant, se barricader, \u00e9teindre les lumi\u00e8res, s\u2019\u00e9loigner des murs, portes et fen\u00eatres, s\u2019allonger au sol derri\u00e8re des obstacles solides, faire respecter le silence absolu (t\u00e9l\u00e9phone \u00e9teint sans vibreur) en attentant l\u2019intervention des forces de l\u2019ordre.<br \/>\nPour les petits ces exercices seront d\u00e9termin\u00e9s comme \u00ab jouer au roi du silence \u00bb. Les exercices seront pr\u00e9par\u00e9s en amont.<br \/>\n\u2022 Evacuer les locaux dans l\u2019ordre, le calme et en silence apr\u00e8s avoir \u00e9tudi\u00e9 la situation et d\u00e9finit le chemin le plus appropri\u00e9.<\/p>\n<p>Pour l\u2019\u00e9cole de Saint Etienne de Tin\u00e9e<br \/>\n*Le signal confinement est donn\u00e9 par la corne de brume.<br \/>\nLe confinement \u00ab Clapi\u00e8re \u00bb ou \u00ab alerte chimique \u00bb s\u2019effectuera dans la salle polyvalente et la classe des TPS-PS, le signal sera un signal tr\u00e8s long.<br \/>\nLe confinement \u00ab intrusion ext\u00e9rieure \u00bb s\u2019effectuera dans la mesure du possible \u00e0 l\u2019\u00e9tage, dans la classe des CM et des MS-GS (pour \u00e9viter l\u2019intrusion par le rez-de-chauss\u00e9e). Le signal \u00ab intrusion ext\u00e9rieure \u00bb sera \u00e9mis avec la corne de brume par 3 sons brefs.<\/p>\n<p>Pour l\u2019\u00e9cole d\u2019Auron<br \/>\nLe signal confinement est donn\u00e9 par la corne de brume (3 sons brefs : intrusion, 1 son long : alerte chimique ou temp\u00eate de neige).\u00a0 Le confinement s\u2019effectuera dans la classe.<\/p>\n<p>Demandes \u00e0 la mairie :<br \/>\n\u2022 Fournir une cl\u00e9 par classe pour que chaque enseignant puisse s\u2019enfermer dans sa classe avec ses \u00e9l\u00e8ves et une \u00ab attache \u00bb pour fixer les cl\u00e9s pr\u00e8s des portes. (\u00e9cole de Saint Etienne uniquement).<br \/>\n\u2022 Acheter 3 cornes de brume\u00a0 (2 pour ST Etienne et une pour Auron) pour que\u00a0 le signal confinement puisse \u00eatre donn\u00e9 et pr\u00e9voir des supports pour placer les cornes pr\u00e8s des sorties. (salle polyvalente et classe des CM \u00e0 Saint Etienne).<br \/>\n\u2022 Acheter 20 couvertures de survie (10 pour Auron et 10 pour mettre \u00e0 l\u2019\u00e9tage \u00e0 Saint Etienne)<br \/>\n\u2022 Placer 2 judas sur chacune des portes de la rue des \u00e9coles.<br \/>\n\u2022 Demander aux responsables du centre de toujours fermer le portail (\u00e0 chaque sortie des classes, si des parents discutent dans la cour avec un enseignant le portail devra tout de m\u00eame \u00eatre ferm\u00e9, l\u2019enseignant fera sortir le parent par l\u2019arri\u00e8re de l\u2019\u00e9cole).<\/p>\n","protected":false},"excerpt":{"rendered":"<p>Compte rendu du Conseil extraordinaire des \u00e9coles de St Etienne de Tin\u00e9e et d\u2019Auron du lundi 14 mars 2016 D\u00e9but de s\u00e9ance : 17h00 Education Nationale : excus\u00e9 Mr Robert, Inspecteur charg\u00e9 de la Circonscription Carros 3 Vall\u00e9es Centre d\u2019animation \u00ab les \u00e9terlous \u00bb : excus\u00e9e Mme Ferrier, Directrice du centre d\u2019animation les \u00e9terlous (un &hellip; <a href=\"https:\/\/ecole.ac-nice.fr\/carros\/stetienne\/?p=231\" class=\"more-link\">Continuer la lecture de <span class=\"screen-reader-text\">Compte-Rendu 14 mars 2016<\/span> <span class=\"meta-nav\">&rarr;<\/span><\/a><\/p>\n","protected":false},"author":2,"featured_media":0,"comment_status":"closed","ping_status":"open","sticky":false,"template":"","format":"standard","meta":{"footnotes":""},"categories":[31],"tags":[],"class_list":["post-231","post","type-post","status-publish","format-standard","hentry","category-31"],"_links":{"self":[{"href":"https:\/\/ecole.ac-nice.fr\/carros\/stetienne\/index.php?rest_route=\/wp\/v2\/posts\/231","targetHints":{"allow":["GET"]}}],"collection":[{"href":"https:\/\/ecole.ac-nice.fr\/carros\/stetienne\/index.php?rest_route=\/wp\/v2\/posts"}],"about":[{"href":"https:\/\/ecole.ac-nice.fr\/carros\/stetienne\/index.php?rest_route=\/wp\/v2\/types\/post"}],"author":[{"embeddable":true,"href":"https:\/\/ecole.ac-nice.fr\/carros\/stetienne\/index.php?rest_route=\/wp\/v2\/users\/2"}],"replies":[{"embeddable":true,"href":"https:\/\/ecole.ac-nice.fr\/carros\/stetienne\/index.php?rest_route=%2Fwp%2Fv2%2Fcomments&post=231"}],"version-history":[{"count":2,"href":"https:\/\/ecole.ac-nice.fr\/carros\/stetienne\/index.php?rest_route=\/wp\/v2\/posts\/231\/revisions"}],"predecessor-version":[{"id":242,"href":"https:\/\/ecole.ac-nice.fr\/carros\/stetienne\/index.php?rest_route=\/wp\/v2\/posts\/231\/revisions\/242"}],"wp:attachment":[{"href":"https:\/\/ecole.ac-nice.fr\/carros\/stetienne\/index.php?rest_route=%2Fwp%2Fv2%2Fmedia&parent=231"}],"wp:term":[{"taxonomy":"category","embeddable":true,"href":"https:\/\/ecole.ac-nice.fr\/carros\/stetienne\/index.php?rest_route=%2Fwp%2Fv2%2Fcategories&post=231"},{"taxonomy":"post_tag","embeddable":true,"href":"https:\/\/ecole.ac-nice.fr\/carros\/stetienne\/index.php?rest_route=%2Fwp%2Fv2%2Ftags&post=231"}],"curies":[{"name":"wp","href":"https:\/\/api.w.org\/{rel}","templated":true}]}}