{"id":192,"date":"2017-01-23T15:43:31","date_gmt":"2017-01-23T14:43:31","guid":{"rendered":"http:\/\/ecole.ac-nice.fr\/carros\/stetienne\/?p=192"},"modified":"2017-03-24T10:19:23","modified_gmt":"2017-03-24T09:19:23","slug":"les-enseignantes","status":"publish","type":"post","link":"https:\/\/ecole.ac-nice.fr\/carros\/stetienne\/?p=192","title":{"rendered":"Les enseignantes"},"content":{"rendered":"<p><strong><img loading=\"lazy\" decoding=\"async\" class=\"aligncenter wp-image-347 size-full\" src=\"https:\/\/ecole.ac-nice.fr\/carros\/stetienne\/wp-content\/uploads\/sites\/9\/2017\/01\/maitresses.jpg\" alt=\"\" width=\"500\" height=\"375\" srcset=\"https:\/\/ecole.ac-nice.fr\/carros\/stetienne\/wp-content\/uploads\/sites\/9\/2017\/01\/maitresses.jpg 500w, https:\/\/ecole.ac-nice.fr\/carros\/stetienne\/wp-content\/uploads\/sites\/9\/2017\/01\/maitresses-300x225.jpg 300w\" sizes=\"auto, (max-width: 500px) 100vw, 500px\" \/><\/strong><\/p>\n<p><strong>Am\u00e9lie BERGONDI<\/strong> a en charge la classe des TPS-PS. Elle est aid\u00e9e par Brigitte.<br \/>\n<strong>Florence BRESSI<\/strong>, second\u00e9e par Christine, conserve la classe des MS-GS.<br \/>\n<strong>MMes PANEK \u00a0assure le remplacement de Mme Anfossidans\u00a0<\/strong>\u00a0la classe des CP-CE1<br \/>\n<strong>POLIDORI C\u00e9cile<\/strong> et<strong>\u00a0Olivier BOURDERON\u00a0<\/strong>\u00a0enseignent aux CE1-CE2.<br \/>\n<strong>Riva Sabine et C\u00e9cilia DAVID ont<\/strong>\u00a0en charge la classe des CM.<\/p>\n<p>Cette ann\u00e9e, Riva Sabine, la directrice est d\u00e9charg\u00e9e de classe le mardi.<\/p>\n<p>Eve Noailly est la\u00a0 ma\u00eetresse du REGroupement d&rsquo;ADaptation (REGAD). Elle travaille au sein du R\u00e9seau d&rsquo;Aides Sp\u00e9cialis\u00e9es aux El\u00e8ves en Difficult\u00e9s (RASED). Son \u00e9cole de rattachement est celle de Saint Etienne de Tin\u00e9e mais son secteur comprend aussi les huit autres \u00e9coles de la Tin\u00e9e.<br \/>\nElle rencontre, en d\u00e9but d&rsquo;ann\u00e9e scolaire,\u00a0 en compagnie de la psychologue scolaire, chaque enseignante qui le souhaite pour parler des \u00e9l\u00e8ves qui rencontrent des difficult\u00e9s, afin de d\u00e9cider de l&rsquo;aide \u00e0 apporter.<br \/>\nLorsqu&rsquo;un \u00e9l\u00e8ve a besoin d&rsquo;une aide p\u00e9dagogique sp\u00e9cialis\u00e9e, il travaille en sa compagnie, dans un petit groupe de deux \u00e0 cinq \u00e9l\u00e8ves, pendant trois-quarts d&rsquo;heure \u00e0 une heure, deux fois par semaine. .<\/p>\n","protected":false},"excerpt":{"rendered":"<p>Am\u00e9lie BERGONDI a en charge la classe des TPS-PS. Elle est aid\u00e9e par Brigitte. Florence BRESSI, second\u00e9e par Christine, conserve la classe des MS-GS. MMes PANEK \u00a0assure le remplacement de Mme Anfossidans\u00a0\u00a0la classe des CP-CE1 POLIDORI C\u00e9cile et\u00a0Olivier BOURDERON\u00a0\u00a0enseignent aux CE1-CE2. Riva Sabine et C\u00e9cilia DAVID ont\u00a0en charge la classe des CM. Cette ann\u00e9e, Riva &hellip; <a href=\"https:\/\/ecole.ac-nice.fr\/carros\/stetienne\/?p=192\" class=\"more-link\">Continuer la lecture de <span class=\"screen-reader-text\">Les enseignantes<\/span> <span class=\"meta-nav\">&rarr;<\/span><\/a><\/p>\n","protected":false},"author":2,"featured_media":0,"comment_status":"open","ping_status":"open","sticky":false,"template":"","format":"standard","meta":{"footnotes":""},"categories":[16],"tags":[],"class_list":["post-192","post","type-post","status-publish","format-standard","hentry","category-equipe"],"_links":{"self":[{"href":"https:\/\/ecole.ac-nice.fr\/carros\/stetienne\/index.php?rest_route=\/wp\/v2\/posts\/192","targetHints":{"allow":["GET"]}}],"collection":[{"href":"https:\/\/ecole.ac-nice.fr\/carros\/stetienne\/index.php?rest_route=\/wp\/v2\/posts"}],"about":[{"href":"https:\/\/ecole.ac-nice.fr\/carros\/stetienne\/index.php?rest_route=\/wp\/v2\/types\/post"}],"author":[{"embeddable":true,"href":"https:\/\/ecole.ac-nice.fr\/carros\/stetienne\/index.php?rest_route=\/wp\/v2\/users\/2"}],"replies":[{"embeddable":true,"href":"https:\/\/ecole.ac-nice.fr\/carros\/stetienne\/index.php?rest_route=%2Fwp%2Fv2%2Fcomments&post=192"}],"version-history":[{"count":6,"href":"https:\/\/ecole.ac-nice.fr\/carros\/stetienne\/index.php?rest_route=\/wp\/v2\/posts\/192\/revisions"}],"predecessor-version":[{"id":420,"href":"https:\/\/ecole.ac-nice.fr\/carros\/stetienne\/index.php?rest_route=\/wp\/v2\/posts\/192\/revisions\/420"}],"wp:attachment":[{"href":"https:\/\/ecole.ac-nice.fr\/carros\/stetienne\/index.php?rest_route=%2Fwp%2Fv2%2Fmedia&parent=192"}],"wp:term":[{"taxonomy":"category","embeddable":true,"href":"https:\/\/ecole.ac-nice.fr\/carros\/stetienne\/index.php?rest_route=%2Fwp%2Fv2%2Fcategories&post=192"},{"taxonomy":"post_tag","embeddable":true,"href":"https:\/\/ecole.ac-nice.fr\/carros\/stetienne\/index.php?rest_route=%2Fwp%2Fv2%2Ftags&post=192"}],"curies":[{"name":"wp","href":"https:\/\/api.w.org\/{rel}","templated":true}]}}