{"id":694,"date":"2017-06-28T15:51:28","date_gmt":"2017-06-28T13:51:28","guid":{"rendered":"http:\/\/ecole.ac-nice.fr\/carros\/peluard\/?p=694"},"modified":"2017-07-08T14:59:28","modified_gmt":"2017-07-08T12:59:28","slug":"mon-ecole-en-memoire","status":"publish","type":"post","link":"https:\/\/ecole.ac-nice.fr\/carros\/peluard\/?p=694","title":{"rendered":"Mon \u00e9cole en m\u00e9moire"},"content":{"rendered":"<p>Voici les \u00ab\u00a0Unes\u00a0\u00bb de journaux (suivies parfois d&rsquo;une page 2) cr\u00e9\u00e9es par un groupe d&rsquo;\u00e9l\u00e8ves de CM1 et CM2 lors de l&rsquo;<strong>atelier <em>Journal<\/em><\/strong> du dispositif \u00ab\u00a0Accompagnement \u00e9ducatif\u00a0\u00bb.<\/p>\n<p>Cliquez sur les images pour acc\u00e9der au document.<\/p>\n<p><a href=\"https:\/\/ecole.ac-nice.fr\/carros\/peluard\/wp-content\/uploads\/sites\/7\/2017\/06\/01ok-T.Gancia.pdf\" target=\"_blank\" rel=\"noopener\"><img loading=\"lazy\" decoding=\"async\" class=\"wp-image-696 size-medium aligncenter\" src=\"https:\/\/ecole.ac-nice.fr\/carros\/peluard\/wp-content\/uploads\/sites\/7\/2017\/06\/01-213x300.jpg\" alt=\"\" width=\"213\" height=\"300\" srcset=\"https:\/\/ecole.ac-nice.fr\/carros\/peluard\/wp-content\/uploads\/sites\/7\/2017\/06\/01-213x300.jpg 213w, https:\/\/ecole.ac-nice.fr\/carros\/peluard\/wp-content\/uploads\/sites\/7\/2017\/06\/01.jpg 417w\" sizes=\"auto, (max-width: 213px) 100vw, 213px\" \/><\/a><a href=\"https:\/\/ecole.ac-nice.fr\/carros\/peluard\/wp-content\/uploads\/sites\/7\/2017\/06\/02ok-le\u0301cole-des-chiens.pdf\" target=\"_blank\" rel=\"noopener\"><img loading=\"lazy\" decoding=\"async\" class=\"wp-image-697 size-medium aligncenter\" src=\"https:\/\/ecole.ac-nice.fr\/carros\/peluard\/wp-content\/uploads\/sites\/7\/2017\/06\/02-211x300.jpg\" alt=\"\" width=\"211\" height=\"300\" srcset=\"https:\/\/ecole.ac-nice.fr\/carros\/peluard\/wp-content\/uploads\/sites\/7\/2017\/06\/02-211x300.jpg 211w, https:\/\/ecole.ac-nice.fr\/carros\/peluard\/wp-content\/uploads\/sites\/7\/2017\/06\/02.jpg 414w\" sizes=\"auto, (max-width: 211px) 100vw, 211px\" \/><\/a><\/p>\n<p><a href=\"https:\/\/ecole.ac-nice.fr\/carros\/peluard\/wp-content\/uploads\/sites\/7\/2017\/06\/03ok-e\u0301cole-des-parents.pdf\" target=\"_blank\" rel=\"noopener\"><img loading=\"lazy\" decoding=\"async\" class=\"wp-image-698 size-medium aligncenter\" src=\"https:\/\/ecole.ac-nice.fr\/carros\/peluard\/wp-content\/uploads\/sites\/7\/2017\/06\/03-210x300.jpg\" alt=\"\" width=\"210\" height=\"300\" srcset=\"https:\/\/ecole.ac-nice.fr\/carros\/peluard\/wp-content\/uploads\/sites\/7\/2017\/06\/03-210x300.jpg 210w, https:\/\/ecole.ac-nice.fr\/carros\/peluard\/wp-content\/uploads\/sites\/7\/2017\/06\/03.jpg 414w\" sizes=\"auto, (max-width: 210px) 100vw, 210px\" \/><\/a><a href=\"https:\/\/ecole.ac-nice.fr\/carros\/peluard\/wp-content\/uploads\/sites\/7\/2017\/06\/05ok-stage-de-plonge\u0301e.pdf\" target=\"_blank\" rel=\"noopener\"><img loading=\"lazy\" decoding=\"async\" class=\"wp-image-700 size-medium aligncenter\" src=\"https:\/\/ecole.ac-nice.fr\/carros\/peluard\/wp-content\/uploads\/sites\/7\/2017\/06\/05-212x300.jpg\" alt=\"\" width=\"212\" height=\"300\" srcset=\"https:\/\/ecole.ac-nice.fr\/carros\/peluard\/wp-content\/uploads\/sites\/7\/2017\/06\/05-212x300.jpg 212w, https:\/\/ecole.ac-nice.fr\/carros\/peluard\/wp-content\/uploads\/sites\/7\/2017\/06\/05.jpg 413w\" sizes=\"auto, (max-width: 212px) 100vw, 212px\" \/><\/a>\u00a0\u00a0\u00a0\u00a0\u00a0\u00a0\u00a0\u00a0\u00a0\u00a0\u00a0\u00a0\u00a0\u00a0\u00a0\u00a0 <a href=\"https:\/\/ecole.ac-nice.fr\/carros\/peluard\/wp-content\/uploads\/sites\/7\/2017\/06\/04ok-journal-arbres-pre\u0301au.pdf\" target=\"_blank\" rel=\"noopener\"><img loading=\"lazy\" decoding=\"async\" class=\"wp-image-699 size-medium aligncenter\" src=\"https:\/\/ecole.ac-nice.fr\/carros\/peluard\/wp-content\/uploads\/sites\/7\/2017\/06\/04-210x300.jpg\" alt=\"\" width=\"210\" height=\"300\" srcset=\"https:\/\/ecole.ac-nice.fr\/carros\/peluard\/wp-content\/uploads\/sites\/7\/2017\/06\/04-210x300.jpg 210w, https:\/\/ecole.ac-nice.fr\/carros\/peluard\/wp-content\/uploads\/sites\/7\/2017\/06\/04.jpg 413w\" sizes=\"auto, (max-width: 210px) 100vw, 210px\" \/><\/a> \u00a0 \u00a0 \u00a0 \u00a0 \u00a0 \u00a0 \u00a0 \u00a0 <a href=\"https:\/\/ecole.ac-nice.fr\/carros\/peluard\/wp-content\/uploads\/sites\/7\/2017\/06\/06ok-B.-Nestolat.pdf\" target=\"_blank\" rel=\"noopener\"><img loading=\"lazy\" decoding=\"async\" class=\"wp-image-701 size-medium aligncenter\" src=\"https:\/\/ecole.ac-nice.fr\/carros\/peluard\/wp-content\/uploads\/sites\/7\/2017\/06\/06-211x300.jpg\" alt=\"\" width=\"211\" height=\"300\" srcset=\"https:\/\/ecole.ac-nice.fr\/carros\/peluard\/wp-content\/uploads\/sites\/7\/2017\/06\/06-211x300.jpg 211w, https:\/\/ecole.ac-nice.fr\/carros\/peluard\/wp-content\/uploads\/sites\/7\/2017\/06\/06.jpg 412w\" sizes=\"auto, (max-width: 211px) 100vw, 211px\" \/><\/a> <a href=\"https:\/\/ecole.ac-nice.fr\/carros\/peluard\/wp-content\/uploads\/sites\/7\/2017\/06\/07ok-Brock.pdf\" target=\"_blank\" rel=\"noopener\"><img loading=\"lazy\" decoding=\"async\" class=\"wp-image-702 size-medium aligncenter\" src=\"https:\/\/ecole.ac-nice.fr\/carros\/peluard\/wp-content\/uploads\/sites\/7\/2017\/06\/07-212x300.jpg\" alt=\"\" width=\"212\" height=\"300\" srcset=\"https:\/\/ecole.ac-nice.fr\/carros\/peluard\/wp-content\/uploads\/sites\/7\/2017\/06\/07-212x300.jpg 212w, https:\/\/ecole.ac-nice.fr\/carros\/peluard\/wp-content\/uploads\/sites\/7\/2017\/06\/07.jpg 628w\" sizes=\"auto, (max-width: 212px) 100vw, 212px\" \/><\/a>\u00a0\u00a0\u00a0\u00a0\u00a0\u00a0\u00a0\u00a0\u00a0\u00a0\u00a0\u00a0\u00a0\u00a0\u00a0\u00a0 <a href=\"https:\/\/ecole.ac-nice.fr\/carros\/peluard\/wp-content\/uploads\/sites\/7\/2017\/06\/08-aude-Godfrin.pdf\" target=\"_blank\" rel=\"noopener\"><img loading=\"lazy\" decoding=\"async\" class=\"wp-image-703 size-medium aligncenter\" src=\"https:\/\/ecole.ac-nice.fr\/carros\/peluard\/wp-content\/uploads\/sites\/7\/2017\/06\/08-210x300.jpg\" alt=\"\" width=\"210\" height=\"300\" srcset=\"https:\/\/ecole.ac-nice.fr\/carros\/peluard\/wp-content\/uploads\/sites\/7\/2017\/06\/08-210x300.jpg 210w, https:\/\/ecole.ac-nice.fr\/carros\/peluard\/wp-content\/uploads\/sites\/7\/2017\/06\/08.jpg 413w\" sizes=\"auto, (max-width: 210px) 100vw, 210px\" \/><\/a> <a href=\"https:\/\/ecole.ac-nice.fr\/carros\/peluard\/wp-content\/uploads\/sites\/7\/2017\/06\/09ok-armelle-Dubos-journal.pdf\" target=\"_blank\" rel=\"noopener\"><img loading=\"lazy\" decoding=\"async\" class=\"wp-image-704 size-medium aligncenter\" src=\"https:\/\/ecole.ac-nice.fr\/carros\/peluard\/wp-content\/uploads\/sites\/7\/2017\/06\/09-212x300.jpg\" alt=\"\" width=\"212\" height=\"300\" srcset=\"https:\/\/ecole.ac-nice.fr\/carros\/peluard\/wp-content\/uploads\/sites\/7\/2017\/06\/09-212x300.jpg 212w, https:\/\/ecole.ac-nice.fr\/carros\/peluard\/wp-content\/uploads\/sites\/7\/2017\/06\/09.jpg 417w\" sizes=\"auto, (max-width: 212px) 100vw, 212px\" \/><\/a> \u00a0 \u00a0 \u00a0 \u00a0 \u00a0 \u00a0 \u00a0 \u00a0 <a href=\"https:\/\/ecole.ac-nice.fr\/carros\/peluard\/wp-content\/uploads\/sites\/7\/2017\/06\/10-histoire-e\u0301cole.pdf\" target=\"_blank\" rel=\"noopener\"><img loading=\"lazy\" decoding=\"async\" class=\"wp-image-705 size-medium aligncenter\" src=\"https:\/\/ecole.ac-nice.fr\/carros\/peluard\/wp-content\/uploads\/sites\/7\/2017\/06\/10-211x300.jpg\" alt=\"\" width=\"211\" height=\"300\" srcset=\"https:\/\/ecole.ac-nice.fr\/carros\/peluard\/wp-content\/uploads\/sites\/7\/2017\/06\/10-211x300.jpg 211w, https:\/\/ecole.ac-nice.fr\/carros\/peluard\/wp-content\/uploads\/sites\/7\/2017\/06\/10.jpg 414w\" sizes=\"auto, (max-width: 211px) 100vw, 211px\" \/><\/a><\/p>\n<p>&nbsp;<\/p>\n<p><span style=\"color: #999999\"><em><span style=\"color: #000000\">Je transmets \u00e9galement\u00a0 ici un message d&rsquo;Antoine Gancia, destin\u00e9 aux \u00e9l\u00e8ves et aux coll\u00e8gues de l&rsquo;\u00e9cole :<\/span><br \/>\n<\/em><\/span><\/p>\n<p><span style=\"font-family: Verdana,Helvetica,Arial\"><span style=\"font-size: 14.0px\">Chers coll\u00e8gues, chers enfants<\/p>\n<p>Je vous remercie de m\u2019avoir convi\u00e9 \u00e0 la \u00ab\u00a0c\u00e9r\u00e9monie\u00a0\u00bb informelle de samedi.<\/p>\n<p>C&rsquo;est avec un vif plaisir que j\u2019ai particip\u00e9 au pot de fermeture de l\u2019\u00e9cole que j\u2019avais ouverte, et ce sans nostalgie car j\u2019ai pu prendre connaissance des activit\u00e9s de l\u2019\u00e9cole ces derni\u00e8res ann\u00e9es notamment par la lecture des journaux de l\u2019\u00e9cole \u00e9dit\u00e9s en ligne.<\/p>\n<p>Quelle richesse\u00a0 dans les diff\u00e9rents domaines abord\u00e9s et quelle qualit\u00e9 dans l\u2019expression\u00a0!<br \/>\nVous qui \u00eates peut-\u00eatre les enfants des \u00e9l\u00e8ves que j\u2019ai accueillis lors de l\u2019exercice de la direction, vous avez eu la chance de b\u00e9n\u00e9ficier de la forte implication des \u00e9quipes enseignantes. L\u2019\u00e9cole doit \u00eatre non seulement le lieu de transmission de connaissances mais aussi \u00eatre un lieu de convivialit\u00e9, d\u2019enrichissement intellectuel par une ouverture sur le monde de la culture, de pratiques sportives. C\u2019est ce \u00e0 quoi elle a contribu\u00e9.<br \/>\nUne nouvelle fois bravo pour le travail effectu\u00e9.<br \/>\nBonne route et bonnes vacances.<br \/>\nGancia Antoine<\/p>\n<p>Directeur de l\u2019\u00e9cole Paul Eluard 1976-1994<\/p>\n<p><\/span><\/span><\/p>\n<p><span style=\"color: #808080\"><em>Le gestionnaire du site est pr\u00eat \u00e0 retirer la mention et\/ou la photo d&rsquo;une personne sur simple demande.<\/em><\/span><\/p>\n","protected":false},"excerpt":{"rendered":"<p>Voici les \u00ab\u00a0Unes\u00a0\u00bb de journaux (suivies parfois d&rsquo;une page 2) cr\u00e9\u00e9es par un groupe d&rsquo;\u00e9l\u00e8ves de CM1 et CM2 lors de l&rsquo;atelier Journal du dispositif \u00ab\u00a0Accompagnement \u00e9ducatif\u00a0\u00bb. Cliquez sur les images pour acc\u00e9der au document. \u00a0\u00a0\u00a0\u00a0\u00a0\u00a0\u00a0\u00a0\u00a0\u00a0\u00a0\u00a0\u00a0\u00a0\u00a0\u00a0 \u00a0 \u00a0 \u00a0 \u00a0 \u00a0 \u00a0 \u00a0 \u00a0 \u00a0\u00a0\u00a0\u00a0\u00a0\u00a0\u00a0\u00a0\u00a0\u00a0\u00a0\u00a0\u00a0\u00a0\u00a0\u00a0 \u00a0 \u00a0 \u00a0 \u00a0 \u00a0 \u00a0 \u00a0 \u00a0 &nbsp; Je &hellip; <a href=\"https:\/\/ecole.ac-nice.fr\/carros\/peluard\/?p=694\" class=\"more-link\">Continuer la lecture de <span class=\"screen-reader-text\">Mon \u00e9cole en m\u00e9moire<\/span> <span class=\"meta-nav\">&rarr;<\/span><\/a><\/p>\n","protected":false},"author":6,"featured_media":0,"comment_status":"closed","ping_status":"open","sticky":false,"template":"","format":"standard","meta":{"footnotes":""},"categories":[51],"tags":[],"class_list":["post-694","post","type-post","status-publish","format-standard","hentry","category-2016-17-mon-ecole-en-memoire"],"_links":{"self":[{"href":"https:\/\/ecole.ac-nice.fr\/carros\/peluard\/index.php?rest_route=\/wp\/v2\/posts\/694","targetHints":{"allow":["GET"]}}],"collection":[{"href":"https:\/\/ecole.ac-nice.fr\/carros\/peluard\/index.php?rest_route=\/wp\/v2\/posts"}],"about":[{"href":"https:\/\/ecole.ac-nice.fr\/carros\/peluard\/index.php?rest_route=\/wp\/v2\/types\/post"}],"author":[{"embeddable":true,"href":"https:\/\/ecole.ac-nice.fr\/carros\/peluard\/index.php?rest_route=\/wp\/v2\/users\/6"}],"replies":[{"embeddable":true,"href":"https:\/\/ecole.ac-nice.fr\/carros\/peluard\/index.php?rest_route=%2Fwp%2Fv2%2Fcomments&post=694"}],"version-history":[{"count":10,"href":"https:\/\/ecole.ac-nice.fr\/carros\/peluard\/index.php?rest_route=\/wp\/v2\/posts\/694\/revisions"}],"predecessor-version":[{"id":715,"href":"https:\/\/ecole.ac-nice.fr\/carros\/peluard\/index.php?rest_route=\/wp\/v2\/posts\/694\/revisions\/715"}],"wp:attachment":[{"href":"https:\/\/ecole.ac-nice.fr\/carros\/peluard\/index.php?rest_route=%2Fwp%2Fv2%2Fmedia&parent=694"}],"wp:term":[{"taxonomy":"category","embeddable":true,"href":"https:\/\/ecole.ac-nice.fr\/carros\/peluard\/index.php?rest_route=%2Fwp%2Fv2%2Fcategories&post=694"},{"taxonomy":"post_tag","embeddable":true,"href":"https:\/\/ecole.ac-nice.fr\/carros\/peluard\/index.php?rest_route=%2Fwp%2Fv2%2Ftags&post=694"}],"curies":[{"name":"wp","href":"https:\/\/api.w.org\/{rel}","templated":true}]}}