{"id":336,"date":"2017-01-29T16:04:13","date_gmt":"2017-01-29T15:04:13","guid":{"rendered":"http:\/\/ecole.ac-nice.fr\/carros\/peluard\/?p=336"},"modified":"2017-03-30T16:33:08","modified_gmt":"2017-03-30T14:33:08","slug":"devenir-eco-citoyen","status":"publish","type":"post","link":"https:\/\/ecole.ac-nice.fr\/carros\/peluard\/?p=336","title":{"rendered":"Devenir \u00e9co-citoyen"},"content":{"rendered":"<div class=\"titre\">Devenir \u00e9co-citoyen &#8211; Projet de l&rsquo;ann\u00e9e 2015-2016<\/div>\n<div class=\"tbl\">\n<p><strong>PROJET DE L&rsquo;ANNEE 2015-2016<\/strong><\/p>\n<p>&nbsp;<\/p>\n<p><strong>C&rsquo;est quoi \u00ab\u00a0devenir \u00e9co-citoyen\u00a0\u00bb ?<\/strong><br \/>\nC&rsquo;est \u00eatre <strong>acteur <\/strong>(\u00e0 son \u00e9chelle) dans la pr\u00e9servation de <strong>son environnement<\/strong>.<br \/>\nChacun d&rsquo;entre nous, quel que soit son \u00e2ge, peut intervenir de mani\u00e8re tr\u00e8s simple pour <strong>prot\u00e9ger la plan\u00e8te<\/strong> : en pensant \u00e0 moi et aux <strong>autres<\/strong>, \u00e0 aujourd&rsquo;hui et \u00e0 <strong>demain<\/strong>&#8230;<br \/>\nIl s&rsquo;agit de faire des <strong>choix responsables<\/strong>, dans un souci d&rsquo;<strong>\u00e9cologie.<\/strong><\/p>\n<p><img loading=\"lazy\" decoding=\"async\" class=\"aligncenter wp-image-524 size-full\" src=\"https:\/\/ecole.ac-nice.fr\/carros\/peluard\/wp-content\/uploads\/sites\/7\/2017\/01\/bon_eco-citoyen.jpg\" alt=\"\" width=\"640\" height=\"438\" srcset=\"https:\/\/ecole.ac-nice.fr\/carros\/peluard\/wp-content\/uploads\/sites\/7\/2017\/01\/bon_eco-citoyen.jpg 640w, https:\/\/ecole.ac-nice.fr\/carros\/peluard\/wp-content\/uploads\/sites\/7\/2017\/01\/bon_eco-citoyen-300x205.jpg 300w\" sizes=\"auto, (max-width: 640px) 100vw, 640px\" \/><\/p>\n<p>(uem-metz.fr)<\/p>\n<p><strong>Comment \u00ab\u00a0devenir \u00e9co-citoyen\u00a0\u00bb au CP ?<\/strong><br \/>\nEN PRENANT <strong>CONSCIENCE<\/strong> que, m\u00eame \u00e0 6 ou 7 ans, je peux faire des choses <strong>simples et utiles<\/strong> pour <strong>prot\u00e9ger la plan\u00e8te<\/strong> :<\/p>\n<p><img loading=\"lazy\" decoding=\"async\" class=\"aligncenter wp-image-525 size-full\" src=\"https:\/\/ecole.ac-nice.fr\/carros\/peluard\/wp-content\/uploads\/sites\/7\/2017\/01\/planete_protegee.jpg\" alt=\"\" width=\"480\" height=\"480\" srcset=\"https:\/\/ecole.ac-nice.fr\/carros\/peluard\/wp-content\/uploads\/sites\/7\/2017\/01\/planete_protegee.jpg 480w, https:\/\/ecole.ac-nice.fr\/carros\/peluard\/wp-content\/uploads\/sites\/7\/2017\/01\/planete_protegee-150x150.jpg 150w, https:\/\/ecole.ac-nice.fr\/carros\/peluard\/wp-content\/uploads\/sites\/7\/2017\/01\/planete_protegee-300x300.jpg 300w\" sizes=\"auto, (max-width: 480px) 100vw, 480px\" \/><\/p>\n<p>(www2.ac-lyon.fr)<\/p>\n<p>&#8211; Lorsque je prends l\u2019habitude de jeter mes d\u00e9chets dans des <strong>poubelles<\/strong>, je fais le choix de ne pas polluer \u00ab\u00a0gratuitement\u00a0\u00bb <strong>la nature<\/strong> ;<br \/>\n&#8211; Lorsque je <strong>trie mes d\u00e9chets<\/strong>, je contribue \u00e0 la r\u00e9duction de la consommation des mati\u00e8res premi\u00e8res offertes par la plan\u00e8te ;<\/p>\n<p>\u200b<img loading=\"lazy\" decoding=\"async\" class=\"aligncenter wp-image-526 size-full\" src=\"https:\/\/ecole.ac-nice.fr\/carros\/peluard\/wp-content\/uploads\/sites\/7\/2017\/01\/tri_selectif.jpg\" alt=\"\" width=\"622\" height=\"480\" srcset=\"https:\/\/ecole.ac-nice.fr\/carros\/peluard\/wp-content\/uploads\/sites\/7\/2017\/01\/tri_selectif.jpg 622w, https:\/\/ecole.ac-nice.fr\/carros\/peluard\/wp-content\/uploads\/sites\/7\/2017\/01\/tri_selectif-300x232.jpg 300w\" sizes=\"auto, (max-width: 622px) 100vw, 622px\" \/>(buresenbray.fr)<\/p>\n<p>&#8211; Lorsque j&rsquo;utilise le verso d&rsquo;une feuille de brouillon, c\u2019est une forme de \u00ab <strong>recyclage<\/strong> des mat\u00e9riaux \u00bb ;<\/p>\n<p>\u200b\u00a0\u00a0 <img loading=\"lazy\" decoding=\"async\" class=\"aligncenter wp-image-527 size-full\" src=\"https:\/\/ecole.ac-nice.fr\/carros\/peluard\/wp-content\/uploads\/sites\/7\/2017\/01\/logo_recyclage.jpg\" alt=\"\" width=\"480\" height=\"480\" srcset=\"https:\/\/ecole.ac-nice.fr\/carros\/peluard\/wp-content\/uploads\/sites\/7\/2017\/01\/logo_recyclage.jpg 480w, https:\/\/ecole.ac-nice.fr\/carros\/peluard\/wp-content\/uploads\/sites\/7\/2017\/01\/logo_recyclage-150x150.jpg 150w, https:\/\/ecole.ac-nice.fr\/carros\/peluard\/wp-content\/uploads\/sites\/7\/2017\/01\/logo_recyclage-300x300.jpg 300w\" sizes=\"auto, (max-width: 480px) 100vw, 480px\" \/><br \/>\n&#8211; Lorsque je mange, j\u2019\u00e9vite de <strong>gaspiller<\/strong> et de jeter, car les ressources ne sont pas \u00e9ternellement abondantes, et que certains enfants des pays pauvres ne mangent pas \u00e0 leur faim ;<\/p>\n<p>\u200b\u200b\u00a0<img loading=\"lazy\" decoding=\"async\" class=\"aligncenter wp-image-528 size-full\" src=\"https:\/\/ecole.ac-nice.fr\/carros\/peluard\/wp-content\/uploads\/sites\/7\/2017\/01\/action_faim.jpg\" alt=\"\" width=\"640\" height=\"480\" srcset=\"https:\/\/ecole.ac-nice.fr\/carros\/peluard\/wp-content\/uploads\/sites\/7\/2017\/01\/action_faim.jpg 640w, https:\/\/ecole.ac-nice.fr\/carros\/peluard\/wp-content\/uploads\/sites\/7\/2017\/01\/action_faim-300x225.jpg 300w\" sizes=\"auto, (max-width: 640px) 100vw, 640px\" \/><\/p>\n<p>(actioncontrelafaim.org)<\/p>\n<p>-Lorsque je consomme de l\u2019<strong>eau<\/strong> ou de l\u2019<strong>\u00e9lectricit\u00e9<\/strong>, je suis conscient qu\u2019au-del\u00e0 du co\u00fbt financier engendr\u00e9, ces \u00e9nergies doivent \u00eatre utilis\u00e9es intelligemment, afin que chacun puisse en b\u00e9n\u00e9ficier, et d\u2019en avoir dans les ann\u00e9es futures\u2026 (Pour les plus grands, cela s\u2019appelle le \u00ab d\u00e9veloppement durable \u00bb). Par exemple : apr\u00e8s la piscine, je ne reste pas sous la douche sans me frotter, ou j\u2019\u00e9teins la lumi\u00e8re en sortant de la classe, \u2026<\/p>\n<p><img loading=\"lazy\" decoding=\"async\" class=\"aligncenter wp-image-529 size-full\" src=\"https:\/\/ecole.ac-nice.fr\/carros\/peluard\/wp-content\/uploads\/sites\/7\/2017\/01\/protege-la.jpg\" alt=\"\" width=\"552\" height=\"480\" srcset=\"https:\/\/ecole.ac-nice.fr\/carros\/peluard\/wp-content\/uploads\/sites\/7\/2017\/01\/protege-la.jpg 552w, https:\/\/ecole.ac-nice.fr\/carros\/peluard\/wp-content\/uploads\/sites\/7\/2017\/01\/protege-la-300x261.jpg 300w\" sizes=\"auto, (max-width: 552px) 100vw, 552px\" \/><\/p>\n<p>(eculugia-natura-salute.skyrock.com)<\/p>\n<p><strong>Quelles sont les diff\u00e9rentes actions qui vont \u00eatre men\u00e9es au sein de la classe ?<\/strong><br \/>\n&#8211; Incitation \u00e0 jeter syst\u00e9matiquement ses d\u00e9chets dans les poubelles<br \/>\n&#8211; Lutte contre le gaspillage : fournitures scolaires + consommation alimentaire<br \/>\n&#8211; Initiation au tri s\u00e9lectif + Invitation des parents pour poursuivre l\u2019action \u00e0 la maison<\/p>\n<p><img loading=\"lazy\" decoding=\"async\" class=\"aligncenter wp-image-530 size-full\" src=\"https:\/\/ecole.ac-nice.fr\/carros\/peluard\/wp-content\/uploads\/sites\/7\/2017\/01\/tas_dechets.jpg\" alt=\"\" width=\"434\" height=\"480\" srcset=\"https:\/\/ecole.ac-nice.fr\/carros\/peluard\/wp-content\/uploads\/sites\/7\/2017\/01\/tas_dechets.jpg 434w, https:\/\/ecole.ac-nice.fr\/carros\/peluard\/wp-content\/uploads\/sites\/7\/2017\/01\/tas_dechets-271x300.jpg 271w\" sizes=\"auto, (max-width: 434px) 100vw, 434px\" \/>(lafertesaintaubin.com)<\/p>\n<p>&#8211; Pratique du tri s\u00e9lectif au sein de l\u2019\u00e9cole + Utilisation des diff\u00e9rentes poubelles<br \/>\n&#8211; Prise de conscience de la pollution de la nature par l\u2019Homme : S\u00e9ance de pr\u00e9l\u00e8vement de d\u00e9chets sur un site naturel + R\u00e9cup\u00e9ration de d\u00e9chets au service de la cr\u00e9ativit\u00e9<\/p>\n<p><img loading=\"lazy\" decoding=\"async\" class=\"aligncenter wp-image-531 size-full\" src=\"https:\/\/ecole.ac-nice.fr\/carros\/peluard\/wp-content\/uploads\/sites\/7\/2017\/01\/sculpture_materiaux_recycles.jpg\" alt=\"\" width=\"466\" height=\"480\" srcset=\"https:\/\/ecole.ac-nice.fr\/carros\/peluard\/wp-content\/uploads\/sites\/7\/2017\/01\/sculpture_materiaux_recycles.jpg 466w, https:\/\/ecole.ac-nice.fr\/carros\/peluard\/wp-content\/uploads\/sites\/7\/2017\/01\/sculpture_materiaux_recycles-291x300.jpg 291w\" sizes=\"auto, (max-width: 466px) 100vw, 466px\" \/>(sictomhvo.com)<\/p>\n<p>&#8211; D\u00e9couverte d\u2019\u0153uvres d\u2019art, r\u00e9alis\u00e9es \u00e0 partir de d\u00e9chets r\u00e9cup\u00e9r\u00e9s, essentiellement m\u00e9talliques (\u0153uvres du CIAC de Carros + art Africain)<br \/>\n&#8211; Productions plastiques par les \u00e9l\u00e8ves, \u00e0 partir de mat\u00e9riaux r\u00e9cup\u00e9r\u00e9s<br \/>\n&#8211; Sensibilisation \u00e0 un probl\u00e8me plan\u00e9taire : la pauvret\u00e9 en Afrique (notamment par la litt\u00e9rature de jeunesse) + D\u00e9couverte d\u2019actions \u00e9co-citoyennes possibles<\/p>\n<p><img loading=\"lazy\" decoding=\"async\" class=\"aligncenter wp-image-532 size-full\" src=\"https:\/\/ecole.ac-nice.fr\/carros\/peluard\/wp-content\/uploads\/sites\/7\/2017\/01\/visage_Afrique.jpg\" alt=\"\" width=\"551\" height=\"480\" srcset=\"https:\/\/ecole.ac-nice.fr\/carros\/peluard\/wp-content\/uploads\/sites\/7\/2017\/01\/visage_Afrique.jpg 551w, https:\/\/ecole.ac-nice.fr\/carros\/peluard\/wp-content\/uploads\/sites\/7\/2017\/01\/visage_Afrique-300x261.jpg 300w\" sizes=\"auto, (max-width: 551px) 100vw, 551px\" \/>(maze.fr)<\/p>\n<p>&#8211; Participation de la classe \u00e0 une action humanitaire = Vente de productions plastiques au profit de l\u2019association \u00ab Action Contre la Faim \u00bb.<\/p>\n<\/div>\n","protected":false},"excerpt":{"rendered":"<p>Devenir \u00e9co-citoyen &#8211; Projet de l&rsquo;ann\u00e9e 2015-2016 PROJET DE L&rsquo;ANNEE 2015-2016 &nbsp; C&rsquo;est quoi \u00ab\u00a0devenir \u00e9co-citoyen\u00a0\u00bb ? C&rsquo;est \u00eatre acteur (\u00e0 son \u00e9chelle) dans la pr\u00e9servation de son environnement. Chacun d&rsquo;entre nous, quel que soit son \u00e2ge, peut intervenir de mani\u00e8re tr\u00e8s simple pour prot\u00e9ger la plan\u00e8te : en pensant \u00e0 moi et aux autres, &hellip; <a href=\"https:\/\/ecole.ac-nice.fr\/carros\/peluard\/?p=336\" class=\"more-link\">Continuer la lecture de <span class=\"screen-reader-text\">Devenir \u00e9co-citoyen<\/span> <span class=\"meta-nav\">&rarr;<\/span><\/a><\/p>\n","protected":false},"author":6,"featured_media":0,"comment_status":"open","ping_status":"open","sticky":false,"template":"","format":"standard","meta":{"footnotes":""},"categories":[41],"tags":[],"class_list":["post-336","post","type-post","status-publish","format-standard","hentry","category-2015-2016"],"_links":{"self":[{"href":"https:\/\/ecole.ac-nice.fr\/carros\/peluard\/index.php?rest_route=\/wp\/v2\/posts\/336","targetHints":{"allow":["GET"]}}],"collection":[{"href":"https:\/\/ecole.ac-nice.fr\/carros\/peluard\/index.php?rest_route=\/wp\/v2\/posts"}],"about":[{"href":"https:\/\/ecole.ac-nice.fr\/carros\/peluard\/index.php?rest_route=\/wp\/v2\/types\/post"}],"author":[{"embeddable":true,"href":"https:\/\/ecole.ac-nice.fr\/carros\/peluard\/index.php?rest_route=\/wp\/v2\/users\/6"}],"replies":[{"embeddable":true,"href":"https:\/\/ecole.ac-nice.fr\/carros\/peluard\/index.php?rest_route=%2Fwp%2Fv2%2Fcomments&post=336"}],"version-history":[{"count":3,"href":"https:\/\/ecole.ac-nice.fr\/carros\/peluard\/index.php?rest_route=\/wp\/v2\/posts\/336\/revisions"}],"predecessor-version":[{"id":533,"href":"https:\/\/ecole.ac-nice.fr\/carros\/peluard\/index.php?rest_route=\/wp\/v2\/posts\/336\/revisions\/533"}],"wp:attachment":[{"href":"https:\/\/ecole.ac-nice.fr\/carros\/peluard\/index.php?rest_route=%2Fwp%2Fv2%2Fmedia&parent=336"}],"wp:term":[{"taxonomy":"category","embeddable":true,"href":"https:\/\/ecole.ac-nice.fr\/carros\/peluard\/index.php?rest_route=%2Fwp%2Fv2%2Fcategories&post=336"},{"taxonomy":"post_tag","embeddable":true,"href":"https:\/\/ecole.ac-nice.fr\/carros\/peluard\/index.php?rest_route=%2Fwp%2Fv2%2Ftags&post=336"}],"curies":[{"name":"wp","href":"https:\/\/api.w.org\/{rel}","templated":true}]}}