{"id":236,"date":"2018-08-27T11:09:15","date_gmt":"2018-08-27T09:09:15","guid":{"rendered":"http:\/\/ecole.ac-nice.fr\/carros\/lebroc\/?p=236"},"modified":"2019-09-01T16:57:27","modified_gmt":"2019-09-01T14:57:27","slug":"lequipe-enseignante","status":"publish","type":"post","link":"https:\/\/ecole.ac-nice.fr\/carros\/lebroc\/?p=236","title":{"rendered":"L&rsquo;\u00e9quipe enseignante"},"content":{"rendered":"<p><strong>Directeur<\/strong><\/p>\n<p><strong>M. Tavares<\/strong>, classe de CE2\/CM2<\/p>\n<p>D\u00e9charg\u00e9 de sa classe le mardi, il pourra vous recevoir ce jour-l\u00e0 sur rendez-vous, \u00e0 demander de pr\u00e9f\u00e9rence par mail.<\/p>\n<p><strong>Les classes<\/strong><\/p>\n<p>Petite et Moyenne Sections de maternelle (PS\/MS) : <strong>Mme Chanut,<\/strong> assist\u00e9e par Mme Balerin<\/p>\n<p>Moyenne et Grande Sections de maternelle (MS\/GS) : <strong>Mme Delesalle<\/strong>, assist\u00e9e par Mme Flament<\/p>\n<p>Cours pr\u00e9paratoire &#8211; Cours Elementaire premi\u00e8re ann\u00e9e\u00a0 (CP\/CE1 A) : <strong>Mme Ravaine<\/strong> (lundi-mardi) <strong>Mme Cagnasso <\/strong>(jeudi-vendredi)<\/p>\n<p>Cours pr\u00e9paratoire &#8211; Cours Elementaire premi\u00e8re ann\u00e9e\u00a0 (CP\/CE1 B) : \u00a0<strong>Mme La Louze<\/strong><\/p>\n<p>Cours Elementaire deuxi\u00e8me ann\u00e9e et Cours moyen premi\u00e8re ann\u00e9e (CE2\/CM1) : <strong>Mme Rousseau<\/strong><\/p>\n<p>Cours Elementaire deuxi\u00e8me ann\u00e9e et Cours Moyen deuxi\u00e8me ann\u00e9e (CE2\/CM2) : <strong>M. Tavares<\/strong>\u00a0(lundi, jeudi et vendredi) et <strong>Mme Kreutz<\/strong>\u00a0(mardi)<\/p>\n","protected":false},"excerpt":{"rendered":"<p>Directeur M. Tavares, classe de CE2\/CM2 D\u00e9charg\u00e9 de sa classe le mardi, il pourra vous recevoir ce jour-l\u00e0 sur rendez-vous, \u00e0 demander de pr\u00e9f\u00e9rence par mail. Les classes Petite et Moyenne Sections de maternelle (PS\/MS) : Mme Chanut, assist\u00e9e par Mme Balerin Moyenne et Grande Sections de maternelle (MS\/GS) : Mme Delesalle, assist\u00e9e par Mme &hellip; <a href=\"https:\/\/ecole.ac-nice.fr\/carros\/lebroc\/?p=236\" class=\"more-link\">Continuer la lecture de <span class=\"screen-reader-text\">L&rsquo;\u00e9quipe enseignante<\/span> <span class=\"meta-nav\">&rarr;<\/span><\/a><\/p>\n","protected":false},"author":31,"featured_media":0,"comment_status":"closed","ping_status":"closed","sticky":false,"template":"","format":"standard","meta":{"footnotes":""},"categories":[19],"tags":[],"class_list":["post-236","post","type-post","status-publish","format-standard","hentry","category-lequipe-enseignante"],"_links":{"self":[{"href":"https:\/\/ecole.ac-nice.fr\/carros\/lebroc\/index.php?rest_route=\/wp\/v2\/posts\/236","targetHints":{"allow":["GET"]}}],"collection":[{"href":"https:\/\/ecole.ac-nice.fr\/carros\/lebroc\/index.php?rest_route=\/wp\/v2\/posts"}],"about":[{"href":"https:\/\/ecole.ac-nice.fr\/carros\/lebroc\/index.php?rest_route=\/wp\/v2\/types\/post"}],"author":[{"embeddable":true,"href":"https:\/\/ecole.ac-nice.fr\/carros\/lebroc\/index.php?rest_route=\/wp\/v2\/users\/31"}],"replies":[{"embeddable":true,"href":"https:\/\/ecole.ac-nice.fr\/carros\/lebroc\/index.php?rest_route=%2Fwp%2Fv2%2Fcomments&post=236"}],"version-history":[{"count":5,"href":"https:\/\/ecole.ac-nice.fr\/carros\/lebroc\/index.php?rest_route=\/wp\/v2\/posts\/236\/revisions"}],"predecessor-version":[{"id":401,"href":"https:\/\/ecole.ac-nice.fr\/carros\/lebroc\/index.php?rest_route=\/wp\/v2\/posts\/236\/revisions\/401"}],"wp:attachment":[{"href":"https:\/\/ecole.ac-nice.fr\/carros\/lebroc\/index.php?rest_route=%2Fwp%2Fv2%2Fmedia&parent=236"}],"wp:term":[{"taxonomy":"category","embeddable":true,"href":"https:\/\/ecole.ac-nice.fr\/carros\/lebroc\/index.php?rest_route=%2Fwp%2Fv2%2Fcategories&post=236"},{"taxonomy":"post_tag","embeddable":true,"href":"https:\/\/ecole.ac-nice.fr\/carros\/lebroc\/index.php?rest_route=%2Fwp%2Fv2%2Ftags&post=236"}],"curies":[{"name":"wp","href":"https:\/\/api.w.org\/{rel}","templated":true}]}}