{"id":769,"date":"2019-10-11T12:34:26","date_gmt":"2019-10-11T10:34:26","guid":{"rendered":"http:\/\/ecole.ac-nice.fr\/carros\/fiori\/?p=769"},"modified":"2019-10-11T12:34:26","modified_gmt":"2019-10-11T10:34:26","slug":"representants-des-parents-deleves-2019-2020","status":"publish","type":"post","link":"https:\/\/ecole.ac-nice.fr\/carros\/fiori\/?p=769","title":{"rendered":"Repr\u00e9sentants des parents d&rsquo;\u00e9l\u00e8ves 2019-2020"},"content":{"rendered":"<p>Suite aux \u00e9lections r\u00e9alis\u00e9es le 11 octobre 2019, les nouveaux parents \u00e9lus pour l&rsquo;ann\u00e9e scolaire 2019-2020 sont :<\/p>\n<p>Mme Pegorer<\/p>\n<p>Mr Thieme<\/p>\n<p>Mr Paeta<\/p>\n<p>Mme Galfre<\/p>\n<p>Mme Lavabre<\/p>\n<p>Mr Corre<\/p>\n<p>Ils seront amen\u00e9s \u00e0 repr\u00e9senter tous les parents d&rsquo;\u00e9l\u00e8ves d\u00e8s le premier conseil d&rsquo;\u00e9cole du vendredi 18 octobre.<\/p>\n","protected":false},"excerpt":{"rendered":"<p>Suite aux \u00e9lections r\u00e9alis\u00e9es le 11 octobre 2019, les nouveaux parents \u00e9lus pour l&rsquo;ann\u00e9e scolaire 2019-2020 sont : Mme Pegorer Mr Thieme Mr Paeta Mme Galfre Mme Lavabre Mr Corre Ils seront amen\u00e9s \u00e0 repr\u00e9senter tous les parents d&rsquo;\u00e9l\u00e8ves d\u00e8s le premier conseil d&rsquo;\u00e9cole du vendredi 18 octobre.<\/p>\n","protected":false},"author":29,"featured_media":0,"comment_status":"closed","ping_status":"closed","sticky":false,"template":"","format":"link","meta":{"footnotes":""},"categories":[1,39],"tags":[],"class_list":["post-769","post","type-post","status-publish","format-link","hentry","category-actualites-diverses","category-les-representants-de-parents-deleves","post_format-post-format-link"],"_links":{"self":[{"href":"https:\/\/ecole.ac-nice.fr\/carros\/fiori\/index.php?rest_route=\/wp\/v2\/posts\/769","targetHints":{"allow":["GET"]}}],"collection":[{"href":"https:\/\/ecole.ac-nice.fr\/carros\/fiori\/index.php?rest_route=\/wp\/v2\/posts"}],"about":[{"href":"https:\/\/ecole.ac-nice.fr\/carros\/fiori\/index.php?rest_route=\/wp\/v2\/types\/post"}],"author":[{"embeddable":true,"href":"https:\/\/ecole.ac-nice.fr\/carros\/fiori\/index.php?rest_route=\/wp\/v2\/users\/29"}],"replies":[{"embeddable":true,"href":"https:\/\/ecole.ac-nice.fr\/carros\/fiori\/index.php?rest_route=%2Fwp%2Fv2%2Fcomments&post=769"}],"version-history":[{"count":1,"href":"https:\/\/ecole.ac-nice.fr\/carros\/fiori\/index.php?rest_route=\/wp\/v2\/posts\/769\/revisions"}],"predecessor-version":[{"id":770,"href":"https:\/\/ecole.ac-nice.fr\/carros\/fiori\/index.php?rest_route=\/wp\/v2\/posts\/769\/revisions\/770"}],"wp:attachment":[{"href":"https:\/\/ecole.ac-nice.fr\/carros\/fiori\/index.php?rest_route=%2Fwp%2Fv2%2Fmedia&parent=769"}],"wp:term":[{"taxonomy":"category","embeddable":true,"href":"https:\/\/ecole.ac-nice.fr\/carros\/fiori\/index.php?rest_route=%2Fwp%2Fv2%2Fcategories&post=769"},{"taxonomy":"post_tag","embeddable":true,"href":"https:\/\/ecole.ac-nice.fr\/carros\/fiori\/index.php?rest_route=%2Fwp%2Fv2%2Ftags&post=769"}],"curies":[{"name":"wp","href":"https:\/\/api.w.org\/{rel}","templated":true}]}}