{"id":759,"date":"2019-09-20T10:34:32","date_gmt":"2019-09-20T08:34:32","guid":{"rendered":"http:\/\/ecole.ac-nice.fr\/carros\/fiori\/?p=759"},"modified":"2019-09-20T10:34:32","modified_gmt":"2019-09-20T08:34:32","slug":"elections-des-representants-de-parents-deleves-2019-2020","status":"publish","type":"post","link":"https:\/\/ecole.ac-nice.fr\/carros\/fiori\/?p=759","title":{"rendered":"Elections des repr\u00e9sentants de parents d&rsquo;\u00e9l\u00e8ves 2019-2020"},"content":{"rendered":"<p>Cette ann\u00e9e les \u00e9lections des repr\u00e9sentants de parents d&rsquo;\u00e9l\u00e8ves se d\u00e9rouleront de <span style=\"color: #3366ff\"><strong>8h \u00e0 12h15 le vendredi 11 octobre 2019<\/strong><\/span>.<\/p>\n<p>Chacun des 219 parents de l&rsquo;\u00e9cole peut voter soit directement \u00e0 l&rsquo;\u00e9cole, soit par correspondance en utilisant le mat\u00e9riel de vote qui sera remis aux enfants le vendredi 4 octobre.<\/p>\n<p>Pour rappel, les parents qui d\u00e9sirent se pr\u00e9senter sur une liste ont jusqu&rsquo;au 30 septembre\u00a0 \u00e0 minuit pour se faire conna\u00eetre aupr\u00e8s du directeur.<\/p>\n<p><a href=\"http:\/\/ecole.ac-nice.fr\/carros\/fiori\/?attachment_id=763\" rel=\"attachment wp-att-763\">6-annexe-Bbis-Liste-candidatures-<\/a><\/p>\n<p><a href=\"http:\/\/ecole.ac-nice.fr\/carros\/fiori\/?attachment_id=762\" rel=\"attachment wp-att-762\">4-annexe-Abis-D\u00e9claration-candidatures<\/a><\/p>\n<p>Bon vote !<\/p>\n<p><img loading=\"lazy\" decoding=\"async\" class=\"alignnone size-full wp-image-463\" src=\"https:\/\/ecole.ac-nice.fr\/carros\/fiori\/wp-content\/uploads\/sites\/25\/2018\/09\/vote.jpg\" alt=\"\" width=\"275\" height=\"183\" \/><\/p>\n<p><strong>En compl\u00e9ment de cet article, voici la note \u00e0 l&rsquo;attention des parents.<\/strong><\/p>\n<p><a href=\"http:\/\/ecole.ac-nice.fr\/carros\/fiori\/?attachment_id=760\" rel=\"attachment wp-att-760\"><img loading=\"lazy\" decoding=\"async\" class=\"alignnone size-full wp-image-760\" src=\"https:\/\/ecole.ac-nice.fr\/carros\/fiori\/wp-content\/uploads\/sites\/25\/2019\/09\/note-\u00e0-lattention-des-parents-1.jpeg\" alt=\"\" width=\"1275\" height=\"1755\" srcset=\"https:\/\/ecole.ac-nice.fr\/carros\/fiori\/wp-content\/uploads\/sites\/25\/2019\/09\/note-\u00e0-lattention-des-parents-1.jpeg 1275w, https:\/\/ecole.ac-nice.fr\/carros\/fiori\/wp-content\/uploads\/sites\/25\/2019\/09\/note-\u00e0-lattention-des-parents-1-218x300.jpeg 218w, https:\/\/ecole.ac-nice.fr\/carros\/fiori\/wp-content\/uploads\/sites\/25\/2019\/09\/note-\u00e0-lattention-des-parents-1-768x1057.jpeg 768w, https:\/\/ecole.ac-nice.fr\/carros\/fiori\/wp-content\/uploads\/sites\/25\/2019\/09\/note-\u00e0-lattention-des-parents-1-744x1024.jpeg 744w\" sizes=\"auto, (max-width: 1275px) 100vw, 1275px\" \/><\/a> <a href=\"http:\/\/ecole.ac-nice.fr\/carros\/fiori\/?attachment_id=761\" rel=\"attachment wp-att-761\"><img loading=\"lazy\" decoding=\"async\" class=\"alignnone size-full wp-image-761\" src=\"https:\/\/ecole.ac-nice.fr\/carros\/fiori\/wp-content\/uploads\/sites\/25\/2019\/09\/note-\u00e0-lattention-des-parents-2.jpeg\" alt=\"\" width=\"1275\" height=\"1755\" srcset=\"https:\/\/ecole.ac-nice.fr\/carros\/fiori\/wp-content\/uploads\/sites\/25\/2019\/09\/note-\u00e0-lattention-des-parents-2.jpeg 1275w, https:\/\/ecole.ac-nice.fr\/carros\/fiori\/wp-content\/uploads\/sites\/25\/2019\/09\/note-\u00e0-lattention-des-parents-2-218x300.jpeg 218w, https:\/\/ecole.ac-nice.fr\/carros\/fiori\/wp-content\/uploads\/sites\/25\/2019\/09\/note-\u00e0-lattention-des-parents-2-768x1057.jpeg 768w, https:\/\/ecole.ac-nice.fr\/carros\/fiori\/wp-content\/uploads\/sites\/25\/2019\/09\/note-\u00e0-lattention-des-parents-2-744x1024.jpeg 744w\" sizes=\"auto, (max-width: 1275px) 100vw, 1275px\" \/><\/a><\/p>\n<p>&nbsp;<\/p>\n","protected":false},"excerpt":{"rendered":"<p>Cette ann\u00e9e les \u00e9lections des repr\u00e9sentants de parents d&rsquo;\u00e9l\u00e8ves se d\u00e9rouleront de 8h \u00e0 12h15 le vendredi 11 octobre 2019. Chacun des 219 parents de l&rsquo;\u00e9cole peut voter soit directement \u00e0 l&rsquo;\u00e9cole, soit par correspondance en utilisant le mat\u00e9riel de vote qui sera remis aux enfants le vendredi 4 octobre. Pour rappel, les parents qui &hellip; <a href=\"https:\/\/ecole.ac-nice.fr\/carros\/fiori\/?p=759\" class=\"more-link\">Continuer la lecture de <span class=\"screen-reader-text\">Elections des repr\u00e9sentants de parents d&rsquo;\u00e9l\u00e8ves 2019-2020<\/span> <span class=\"meta-nav\">&rarr;<\/span><\/a><\/p>\n","protected":false},"author":29,"featured_media":0,"comment_status":"closed","ping_status":"closed","sticky":false,"template":"","format":"gallery","meta":{"footnotes":""},"categories":[1,30,39],"tags":[],"class_list":["post-759","post","type-post","status-publish","format-gallery","hentry","category-actualites-diverses","category-le-conseil-decole","category-les-representants-de-parents-deleves","post_format-post-format-gallery"],"_links":{"self":[{"href":"https:\/\/ecole.ac-nice.fr\/carros\/fiori\/index.php?rest_route=\/wp\/v2\/posts\/759","targetHints":{"allow":["GET"]}}],"collection":[{"href":"https:\/\/ecole.ac-nice.fr\/carros\/fiori\/index.php?rest_route=\/wp\/v2\/posts"}],"about":[{"href":"https:\/\/ecole.ac-nice.fr\/carros\/fiori\/index.php?rest_route=\/wp\/v2\/types\/post"}],"author":[{"embeddable":true,"href":"https:\/\/ecole.ac-nice.fr\/carros\/fiori\/index.php?rest_route=\/wp\/v2\/users\/29"}],"replies":[{"embeddable":true,"href":"https:\/\/ecole.ac-nice.fr\/carros\/fiori\/index.php?rest_route=%2Fwp%2Fv2%2Fcomments&post=759"}],"version-history":[{"count":1,"href":"https:\/\/ecole.ac-nice.fr\/carros\/fiori\/index.php?rest_route=\/wp\/v2\/posts\/759\/revisions"}],"predecessor-version":[{"id":764,"href":"https:\/\/ecole.ac-nice.fr\/carros\/fiori\/index.php?rest_route=\/wp\/v2\/posts\/759\/revisions\/764"}],"wp:attachment":[{"href":"https:\/\/ecole.ac-nice.fr\/carros\/fiori\/index.php?rest_route=%2Fwp%2Fv2%2Fmedia&parent=759"}],"wp:term":[{"taxonomy":"category","embeddable":true,"href":"https:\/\/ecole.ac-nice.fr\/carros\/fiori\/index.php?rest_route=%2Fwp%2Fv2%2Fcategories&post=759"},{"taxonomy":"post_tag","embeddable":true,"href":"https:\/\/ecole.ac-nice.fr\/carros\/fiori\/index.php?rest_route=%2Fwp%2Fv2%2Ftags&post=759"}],"curies":[{"name":"wp","href":"https:\/\/api.w.org\/{rel}","templated":true}]}}