{"id":752,"date":"2019-09-20T08:18:40","date_gmt":"2019-09-20T06:18:40","guid":{"rendered":"http:\/\/ecole.ac-nice.fr\/carros\/fiori\/?p=752"},"modified":"2019-09-20T08:18:40","modified_gmt":"2019-09-20T06:18:40","slug":"la-tete-et-les-jambes-2","status":"publish","type":"post","link":"https:\/\/ecole.ac-nice.fr\/carros\/fiori\/?p=752","title":{"rendered":"La t\u00eate et les jambes"},"content":{"rendered":"<p>Un immense merci \u00e0 l&rsquo;association des Pitchouns de l&rsquo;\u00e9cole L. Fiori pour l&rsquo;organisation de cette magnifique manifestation du dimanche 15 septembre.<\/p>\n<p>Ce fut un beau moment de partage en famille, de communion avec l&rsquo;ensemble des personnes pr\u00e9sentes.<\/p>\n<p>Vivement la prochaine f\u00eate !<\/p>\n<p><a href=\"http:\/\/ecole.ac-nice.fr\/carros\/fiori\/?attachment_id=753\" rel=\"attachment wp-att-753\"><img loading=\"lazy\" decoding=\"async\" class=\"alignnone size-full wp-image-753\" src=\"https:\/\/ecole.ac-nice.fr\/carros\/fiori\/wp-content\/uploads\/sites\/25\/2019\/09\/20190915_115003.jpg\" alt=\"\" width=\"4032\" height=\"2268\" srcset=\"https:\/\/ecole.ac-nice.fr\/carros\/fiori\/wp-content\/uploads\/sites\/25\/2019\/09\/20190915_115003.jpg 4032w, https:\/\/ecole.ac-nice.fr\/carros\/fiori\/wp-content\/uploads\/sites\/25\/2019\/09\/20190915_115003-300x169.jpg 300w, https:\/\/ecole.ac-nice.fr\/carros\/fiori\/wp-content\/uploads\/sites\/25\/2019\/09\/20190915_115003-768x432.jpg 768w, https:\/\/ecole.ac-nice.fr\/carros\/fiori\/wp-content\/uploads\/sites\/25\/2019\/09\/20190915_115003-1024x576.jpg 1024w\" sizes=\"auto, (max-width: 4032px) 100vw, 4032px\" \/><\/a> <a href=\"http:\/\/ecole.ac-nice.fr\/carros\/fiori\/?attachment_id=754\" rel=\"attachment wp-att-754\"><img loading=\"lazy\" decoding=\"async\" class=\"alignnone size-full wp-image-754\" src=\"https:\/\/ecole.ac-nice.fr\/carros\/fiori\/wp-content\/uploads\/sites\/25\/2019\/09\/20190915_120637.jpg\" alt=\"\" width=\"3264\" height=\"1836\" srcset=\"https:\/\/ecole.ac-nice.fr\/carros\/fiori\/wp-content\/uploads\/sites\/25\/2019\/09\/20190915_120637.jpg 3264w, https:\/\/ecole.ac-nice.fr\/carros\/fiori\/wp-content\/uploads\/sites\/25\/2019\/09\/20190915_120637-300x169.jpg 300w, https:\/\/ecole.ac-nice.fr\/carros\/fiori\/wp-content\/uploads\/sites\/25\/2019\/09\/20190915_120637-768x432.jpg 768w, https:\/\/ecole.ac-nice.fr\/carros\/fiori\/wp-content\/uploads\/sites\/25\/2019\/09\/20190915_120637-1024x576.jpg 1024w\" sizes=\"auto, (max-width: 3264px) 100vw, 3264px\" \/><\/a> <a href=\"http:\/\/ecole.ac-nice.fr\/carros\/fiori\/?attachment_id=755\" rel=\"attachment wp-att-755\"><img loading=\"lazy\" decoding=\"async\" class=\"alignnone size-full wp-image-755\" src=\"https:\/\/ecole.ac-nice.fr\/carros\/fiori\/wp-content\/uploads\/sites\/25\/2019\/09\/20190915_122138.jpg\" alt=\"\" width=\"3264\" height=\"1836\" srcset=\"https:\/\/ecole.ac-nice.fr\/carros\/fiori\/wp-content\/uploads\/sites\/25\/2019\/09\/20190915_122138.jpg 3264w, https:\/\/ecole.ac-nice.fr\/carros\/fiori\/wp-content\/uploads\/sites\/25\/2019\/09\/20190915_122138-300x169.jpg 300w, https:\/\/ecole.ac-nice.fr\/carros\/fiori\/wp-content\/uploads\/sites\/25\/2019\/09\/20190915_122138-768x432.jpg 768w, https:\/\/ecole.ac-nice.fr\/carros\/fiori\/wp-content\/uploads\/sites\/25\/2019\/09\/20190915_122138-1024x576.jpg 1024w\" sizes=\"auto, (max-width: 3264px) 100vw, 3264px\" \/><\/a> <a href=\"http:\/\/ecole.ac-nice.fr\/carros\/fiori\/?attachment_id=756\" rel=\"attachment wp-att-756\"><img loading=\"lazy\" decoding=\"async\" class=\"alignnone size-full wp-image-756\" src=\"https:\/\/ecole.ac-nice.fr\/carros\/fiori\/wp-content\/uploads\/sites\/25\/2019\/09\/20190915_135055.jpg\" alt=\"\" width=\"4032\" height=\"2268\" srcset=\"https:\/\/ecole.ac-nice.fr\/carros\/fiori\/wp-content\/uploads\/sites\/25\/2019\/09\/20190915_135055.jpg 4032w, https:\/\/ecole.ac-nice.fr\/carros\/fiori\/wp-content\/uploads\/sites\/25\/2019\/09\/20190915_135055-300x169.jpg 300w, https:\/\/ecole.ac-nice.fr\/carros\/fiori\/wp-content\/uploads\/sites\/25\/2019\/09\/20190915_135055-768x432.jpg 768w, https:\/\/ecole.ac-nice.fr\/carros\/fiori\/wp-content\/uploads\/sites\/25\/2019\/09\/20190915_135055-1024x576.jpg 1024w\" sizes=\"auto, (max-width: 4032px) 100vw, 4032px\" \/><\/a> <a href=\"http:\/\/ecole.ac-nice.fr\/carros\/fiori\/?attachment_id=757\" rel=\"attachment wp-att-757\"><img loading=\"lazy\" decoding=\"async\" class=\"alignnone size-full wp-image-757\" src=\"https:\/\/ecole.ac-nice.fr\/carros\/fiori\/wp-content\/uploads\/sites\/25\/2019\/09\/20190915_135233.jpg\" alt=\"\" width=\"4032\" height=\"2268\" srcset=\"https:\/\/ecole.ac-nice.fr\/carros\/fiori\/wp-content\/uploads\/sites\/25\/2019\/09\/20190915_135233.jpg 4032w, https:\/\/ecole.ac-nice.fr\/carros\/fiori\/wp-content\/uploads\/sites\/25\/2019\/09\/20190915_135233-300x169.jpg 300w, https:\/\/ecole.ac-nice.fr\/carros\/fiori\/wp-content\/uploads\/sites\/25\/2019\/09\/20190915_135233-768x432.jpg 768w, https:\/\/ecole.ac-nice.fr\/carros\/fiori\/wp-content\/uploads\/sites\/25\/2019\/09\/20190915_135233-1024x576.jpg 1024w\" sizes=\"auto, (max-width: 4032px) 100vw, 4032px\" \/><\/a><\/p>\n","protected":false},"excerpt":{"rendered":"<p>Un immense merci \u00e0 l&rsquo;association des Pitchouns de l&rsquo;\u00e9cole L. Fiori pour l&rsquo;organisation de cette magnifique manifestation du dimanche 15 septembre. Ce fut un beau moment de partage en famille, de communion avec l&rsquo;ensemble des personnes pr\u00e9sentes. Vivement la prochaine f\u00eate !<\/p>\n","protected":false},"author":29,"featured_media":0,"comment_status":"closed","ping_status":"closed","sticky":false,"template":"","format":"chat","meta":{"footnotes":""},"categories":[1,13],"tags":[],"class_list":["post-752","post","type-post","status-publish","format-chat","hentry","category-actualites-diverses","category-association-de-lecole","post_format-post-format-chat"],"_links":{"self":[{"href":"https:\/\/ecole.ac-nice.fr\/carros\/fiori\/index.php?rest_route=\/wp\/v2\/posts\/752","targetHints":{"allow":["GET"]}}],"collection":[{"href":"https:\/\/ecole.ac-nice.fr\/carros\/fiori\/index.php?rest_route=\/wp\/v2\/posts"}],"about":[{"href":"https:\/\/ecole.ac-nice.fr\/carros\/fiori\/index.php?rest_route=\/wp\/v2\/types\/post"}],"author":[{"embeddable":true,"href":"https:\/\/ecole.ac-nice.fr\/carros\/fiori\/index.php?rest_route=\/wp\/v2\/users\/29"}],"replies":[{"embeddable":true,"href":"https:\/\/ecole.ac-nice.fr\/carros\/fiori\/index.php?rest_route=%2Fwp%2Fv2%2Fcomments&post=752"}],"version-history":[{"count":1,"href":"https:\/\/ecole.ac-nice.fr\/carros\/fiori\/index.php?rest_route=\/wp\/v2\/posts\/752\/revisions"}],"predecessor-version":[{"id":758,"href":"https:\/\/ecole.ac-nice.fr\/carros\/fiori\/index.php?rest_route=\/wp\/v2\/posts\/752\/revisions\/758"}],"wp:attachment":[{"href":"https:\/\/ecole.ac-nice.fr\/carros\/fiori\/index.php?rest_route=%2Fwp%2Fv2%2Fmedia&parent=752"}],"wp:term":[{"taxonomy":"category","embeddable":true,"href":"https:\/\/ecole.ac-nice.fr\/carros\/fiori\/index.php?rest_route=%2Fwp%2Fv2%2Fcategories&post=752"},{"taxonomy":"post_tag","embeddable":true,"href":"https:\/\/ecole.ac-nice.fr\/carros\/fiori\/index.php?rest_route=%2Fwp%2Fv2%2Ftags&post=752"}],"curies":[{"name":"wp","href":"https:\/\/api.w.org\/{rel}","templated":true}]}}