{"id":743,"date":"2019-09-06T11:54:37","date_gmt":"2019-09-06T09:54:37","guid":{"rendered":"http:\/\/ecole.ac-nice.fr\/carros\/fiori\/?p=743"},"modified":"2019-11-14T12:48:54","modified_gmt":"2019-11-14T11:48:54","slug":"activites-eps-elementaire-annee-2019-2020","status":"publish","type":"post","link":"https:\/\/ecole.ac-nice.fr\/carros\/fiori\/?p=743","title":{"rendered":"Activit\u00e9s EPS \u00e9l\u00e9mentaire- Ann\u00e9e 2019-2020"},"content":{"rendered":"<p style=\"text-align: center\"><strong><em>Semestre 1 du 16 septembre au 31 janvier<\/em><\/strong><br \/>\nCP-CE1 : Lutte de 14h15 \u00e0 15h15 le Vendredi<a href=\"http:\/\/ecole.ac-nice.fr\/carros\/fiori\/?attachment_id=745\" rel=\"attachment wp-att-745\"><img loading=\"lazy\" decoding=\"async\" class=\"alignnone wp-image-745\" src=\"https:\/\/ecole.ac-nice.fr\/carros\/fiori\/wp-content\/uploads\/sites\/25\/2019\/09\/lutte-o-web-1.jpg\" alt=\"\" width=\"241\" height=\"160\" srcset=\"https:\/\/ecole.ac-nice.fr\/carros\/fiori\/wp-content\/uploads\/sites\/25\/2019\/09\/lutte-o-web-1.jpg 1029w, https:\/\/ecole.ac-nice.fr\/carros\/fiori\/wp-content\/uploads\/sites\/25\/2019\/09\/lutte-o-web-1-300x199.jpg 300w, https:\/\/ecole.ac-nice.fr\/carros\/fiori\/wp-content\/uploads\/sites\/25\/2019\/09\/lutte-o-web-1-768x510.jpg 768w, https:\/\/ecole.ac-nice.fr\/carros\/fiori\/wp-content\/uploads\/sites\/25\/2019\/09\/lutte-o-web-1-1024x680.jpg 1024w\" sizes=\"auto, (max-width: 241px) 100vw, 241px\" \/><\/a><\/p>\n<p><a href=\"http:\/\/ecole.ac-nice.fr\/carros\/fiori\/?attachment_id=445\" rel=\"attachment wp-att-445\"><img loading=\"lazy\" decoding=\"async\" class=\"alignnone wp-image-445\" src=\"https:\/\/ecole.ac-nice.fr\/carros\/fiori\/wp-content\/uploads\/sites\/25\/2018\/09\/Carros-le-Neuf-Piscine-Tournesol_illustration-16-9.jpg\" alt=\"\" width=\"221\" height=\"125\" \/><\/a>CE1 : Natation de 9h30 \u00e0 10h10 le vendredi<br \/>\nCE2-CM1 : Gym de 14h15 \u00e0 15h15 le vendredi <a href=\"http:\/\/ecole.ac-nice.fr\/carros\/fiori\/?attachment_id=744\" rel=\"attachment wp-att-744\"><img loading=\"lazy\" decoding=\"async\" class=\"alignnone wp-image-744\" src=\"https:\/\/ecole.ac-nice.fr\/carros\/fiori\/wp-content\/uploads\/sites\/25\/2019\/09\/Gym-01.jpg\" alt=\"\" width=\"196\" height=\"147\" srcset=\"https:\/\/ecole.ac-nice.fr\/carros\/fiori\/wp-content\/uploads\/sites\/25\/2019\/09\/Gym-01.jpg 4032w, https:\/\/ecole.ac-nice.fr\/carros\/fiori\/wp-content\/uploads\/sites\/25\/2019\/09\/Gym-01-300x225.jpg 300w, https:\/\/ecole.ac-nice.fr\/carros\/fiori\/wp-content\/uploads\/sites\/25\/2019\/09\/Gym-01-768x576.jpg 768w, https:\/\/ecole.ac-nice.fr\/carros\/fiori\/wp-content\/uploads\/sites\/25\/2019\/09\/Gym-01-1024x768.jpg 1024w\" sizes=\"auto, (max-width: 196px) 100vw, 196px\" \/><\/a><br \/>\n<a href=\"http:\/\/ecole.ac-nice.fr\/carros\/fiori\/?attachment_id=445\" rel=\"attachment wp-att-445\"><img loading=\"lazy\" decoding=\"async\" class=\"alignnone wp-image-445\" src=\"https:\/\/ecole.ac-nice.fr\/carros\/fiori\/wp-content\/uploads\/sites\/25\/2018\/09\/Carros-le-Neuf-Piscine-Tournesol_illustration-16-9.jpg\" alt=\"\" width=\"263\" height=\"148\" \/><\/a>CM1-CM2 : Natation de 9h30 \u00e0 10h10 le mardi<\/p>\n<p style=\"text-align: center\"><strong><em>Semestre 2 du 3 f\u00e9vrier au 19 juin<\/em><\/strong><br \/>\nCP-CE1 : Natation de 9h30 \u00e0 10h10 le vendredi\u00a0 <a href=\"http:\/\/ecole.ac-nice.fr\/carros\/fiori\/?attachment_id=746\" rel=\"attachment wp-att-746\"><img loading=\"lazy\" decoding=\"async\" class=\"alignnone wp-image-746\" src=\"https:\/\/ecole.ac-nice.fr\/carros\/fiori\/wp-content\/uploads\/sites\/25\/2019\/09\/t\u00e9l\u00e9chargement.jpg\" alt=\"\" width=\"225\" height=\"150\" \/><\/a><br \/>\n<a href=\"http:\/\/ecole.ac-nice.fr\/carros\/fiori\/?attachment_id=429\" rel=\"attachment wp-att-429\"><img loading=\"lazy\" decoding=\"async\" class=\"alignnone wp-image-429\" src=\"https:\/\/ecole.ac-nice.fr\/carros\/fiori\/wp-content\/uploads\/sites\/25\/2018\/09\/espace-pierre-jaboulet1.jpg\" alt=\"\" width=\"281\" height=\"111\" srcset=\"https:\/\/ecole.ac-nice.fr\/carros\/fiori\/wp-content\/uploads\/sites\/25\/2018\/09\/espace-pierre-jaboulet1.jpg 940w, https:\/\/ecole.ac-nice.fr\/carros\/fiori\/wp-content\/uploads\/sites\/25\/2018\/09\/espace-pierre-jaboulet1-300x119.jpg 300w, https:\/\/ecole.ac-nice.fr\/carros\/fiori\/wp-content\/uploads\/sites\/25\/2018\/09\/espace-pierre-jaboulet1-768x305.jpg 768w\" sizes=\"auto, (max-width: 281px) 100vw, 281px\" \/><\/a>\u00a0CE1 : Balle ovale de 14h15 \u00e0 16h15 le lundi<br \/>\nCE2-CM1 : Natation de 9h30 \u00e0 10h10 le mardi <a href=\"http:\/\/ecole.ac-nice.fr\/carros\/fiori\/?attachment_id=746\" rel=\"attachment wp-att-746\"><img loading=\"lazy\" decoding=\"async\" class=\"alignnone wp-image-746\" src=\"https:\/\/ecole.ac-nice.fr\/carros\/fiori\/wp-content\/uploads\/sites\/25\/2019\/09\/t\u00e9l\u00e9chargement.jpg\" alt=\"\" width=\"207\" height=\"138\" \/><\/a><br \/>\n<a href=\"http:\/\/ecole.ac-nice.fr\/carros\/fiori\/?attachment_id=747\" rel=\"attachment wp-att-747\"><img loading=\"lazy\" decoding=\"async\" class=\"alignnone wp-image-747\" src=\"https:\/\/ecole.ac-nice.fr\/carros\/fiori\/wp-content\/uploads\/sites\/25\/2019\/09\/rollers.jpg\" alt=\"\" width=\"294\" height=\"147\" srcset=\"https:\/\/ecole.ac-nice.fr\/carros\/fiori\/wp-content\/uploads\/sites\/25\/2019\/09\/rollers.jpg 600w, https:\/\/ecole.ac-nice.fr\/carros\/fiori\/wp-content\/uploads\/sites\/25\/2019\/09\/rollers-300x149.jpg 300w\" sizes=\"auto, (max-width: 294px) 100vw, 294px\" \/><\/a>\u00a0CM1-CM2 : Roller de 14h15 \u00e0 16h15 le lundi<\/p>\n","protected":false},"excerpt":{"rendered":"<p>Semestre 1 du 16 septembre au 31 janvier CP-CE1 : Lutte de 14h15 \u00e0 15h15 le Vendredi CE1 : Natation de 9h30 \u00e0 10h10 le vendredi CE2-CM1 : Gym de 14h15 \u00e0 15h15 le vendredi CM1-CM2 : Natation de 9h30 \u00e0 10h10 le mardi Semestre 2 du 3 f\u00e9vrier au 19 juin CP-CE1 : Natation &hellip; <a href=\"https:\/\/ecole.ac-nice.fr\/carros\/fiori\/?p=743\" class=\"more-link\">Continuer la lecture de <span class=\"screen-reader-text\">Activit\u00e9s EPS \u00e9l\u00e9mentaire- Ann\u00e9e 2019-2020<\/span> <span class=\"meta-nav\">&rarr;<\/span><\/a><\/p>\n","protected":false},"author":29,"featured_media":0,"comment_status":"closed","ping_status":"closed","sticky":false,"template":"","format":"aside","meta":{"footnotes":""},"categories":[1],"tags":[],"class_list":["post-743","post","type-post","status-publish","format-aside","hentry","category-actualites-diverses","post_format-post-format-aside"],"_links":{"self":[{"href":"https:\/\/ecole.ac-nice.fr\/carros\/fiori\/index.php?rest_route=\/wp\/v2\/posts\/743","targetHints":{"allow":["GET"]}}],"collection":[{"href":"https:\/\/ecole.ac-nice.fr\/carros\/fiori\/index.php?rest_route=\/wp\/v2\/posts"}],"about":[{"href":"https:\/\/ecole.ac-nice.fr\/carros\/fiori\/index.php?rest_route=\/wp\/v2\/types\/post"}],"author":[{"embeddable":true,"href":"https:\/\/ecole.ac-nice.fr\/carros\/fiori\/index.php?rest_route=\/wp\/v2\/users\/29"}],"replies":[{"embeddable":true,"href":"https:\/\/ecole.ac-nice.fr\/carros\/fiori\/index.php?rest_route=%2Fwp%2Fv2%2Fcomments&post=743"}],"version-history":[{"count":4,"href":"https:\/\/ecole.ac-nice.fr\/carros\/fiori\/index.php?rest_route=\/wp\/v2\/posts\/743\/revisions"}],"predecessor-version":[{"id":794,"href":"https:\/\/ecole.ac-nice.fr\/carros\/fiori\/index.php?rest_route=\/wp\/v2\/posts\/743\/revisions\/794"}],"wp:attachment":[{"href":"https:\/\/ecole.ac-nice.fr\/carros\/fiori\/index.php?rest_route=%2Fwp%2Fv2%2Fmedia&parent=743"}],"wp:term":[{"taxonomy":"category","embeddable":true,"href":"https:\/\/ecole.ac-nice.fr\/carros\/fiori\/index.php?rest_route=%2Fwp%2Fv2%2Fcategories&post=743"},{"taxonomy":"post_tag","embeddable":true,"href":"https:\/\/ecole.ac-nice.fr\/carros\/fiori\/index.php?rest_route=%2Fwp%2Fv2%2Ftags&post=743"}],"curies":[{"name":"wp","href":"https:\/\/api.w.org\/{rel}","templated":true}]}}