{"id":732,"date":"2019-08-29T18:34:04","date_gmt":"2019-08-29T16:34:04","guid":{"rendered":"http:\/\/ecole.ac-nice.fr\/carros\/fiori\/?p=732"},"modified":"2019-08-29T18:34:04","modified_gmt":"2019-08-29T16:34:04","slug":"manifestation-la-tete-et-les-jambes-du-15-septembre","status":"publish","type":"post","link":"https:\/\/ecole.ac-nice.fr\/carros\/fiori\/?p=732","title":{"rendered":"Manifestation la t\u00eate et les jambes du 15 septembre"},"content":{"rendered":"<p style=\"text-align: center\">LA TETE ET LES JAMBES<\/p>\n<p style=\"text-align: left\">L\u2019association les Pitchouns de l\u2019Ecole Louis Fiori organise Place Capel une manifestation ouverte \u00e0 tous et toutes d\u00e9nomm\u00e9e \u00ab La t\u00eate et les jambes \u00bb le dimanche 15 septembre 2019 de 10H00 \u00e0 17H00. Celle-ci devait initialement se tenir le 15 mai 2019, mais a \u00e9t\u00e9 report\u00e9e pour cause d\u2019intemp\u00e9ries.<br \/>\nIl s\u2019agit d\u2019un parcours sport-sant\u00e9 en famille (10H00 \u00e0 12H00) cl\u00f4tur\u00e9 par une pasta party (12h00 \u00e0 13h00), suivi d\u2019une bourse aux livres pour enfants (13H00 \u00e0 17H00).<\/p>\n<p>Les pr\u00e9cisions relatives au parcours sportif et les bulletins d\u2019inscription vous sont transmis ce jour (un pour le parcours sportif et un pour la pasta party). La date butoir des inscriptions est fix\u00e9e au mardi 10 septembre 2019.<br \/>\nLes bulletins d\u2019inscription et les r\u00e8glements d\u00e9j\u00e0 fournis par certaines familles ont bien \u00e9t\u00e9<br \/>\nconserv\u00e9s. Merci de nous confirmer votre pr\u00e9sence par mail.<\/p>\n<p>Concernant la bourse aux livres, nous remercions tous les parents et enfants pour l\u2019ensemble des livres qui ont \u00e9t\u00e9 fournis.<br \/>\nAfin d\u2019assurer le bon d\u00e9roulement de cette manifestation, nous recherchons des volontaires pour l\u2019encadrement de cette journ\u00e9e. N\u2019h\u00e9sitez pas \u00e0 nous contacter !<br \/>\nVenez Nombreux, pour les Pitchouns !<\/p>\n<p>pitchounsfiori@hotmail.com<\/p>\n<p><strong>Documents joints : <a href=\"http:\/\/ecole.ac-nice.fr\/carros\/fiori\/?attachment_id=733\" rel=\"attachment wp-att-733\">Note explicative et bulletins pour parcours et pasta party<\/a><\/strong><\/p>\n","protected":false},"excerpt":{"rendered":"<p>LA TETE ET LES JAMBES L\u2019association les Pitchouns de l\u2019Ecole Louis Fiori organise Place Capel une manifestation ouverte \u00e0 tous et toutes d\u00e9nomm\u00e9e \u00ab La t\u00eate et les jambes \u00bb le dimanche 15 septembre 2019 de 10H00 \u00e0 17H00. Celle-ci devait initialement se tenir le 15 mai 2019, mais a \u00e9t\u00e9 report\u00e9e pour cause d\u2019intemp\u00e9ries. &hellip; <a href=\"https:\/\/ecole.ac-nice.fr\/carros\/fiori\/?p=732\" class=\"more-link\">Continuer la lecture de <span class=\"screen-reader-text\">Manifestation la t\u00eate et les jambes du 15 septembre<\/span> <span class=\"meta-nav\">&rarr;<\/span><\/a><\/p>\n","protected":false},"author":29,"featured_media":0,"comment_status":"closed","ping_status":"closed","sticky":false,"template":"","format":"gallery","meta":{"footnotes":""},"categories":[1,13],"tags":[],"class_list":["post-732","post","type-post","status-publish","format-gallery","hentry","category-actualites-diverses","category-association-de-lecole","post_format-post-format-gallery"],"_links":{"self":[{"href":"https:\/\/ecole.ac-nice.fr\/carros\/fiori\/index.php?rest_route=\/wp\/v2\/posts\/732","targetHints":{"allow":["GET"]}}],"collection":[{"href":"https:\/\/ecole.ac-nice.fr\/carros\/fiori\/index.php?rest_route=\/wp\/v2\/posts"}],"about":[{"href":"https:\/\/ecole.ac-nice.fr\/carros\/fiori\/index.php?rest_route=\/wp\/v2\/types\/post"}],"author":[{"embeddable":true,"href":"https:\/\/ecole.ac-nice.fr\/carros\/fiori\/index.php?rest_route=\/wp\/v2\/users\/29"}],"replies":[{"embeddable":true,"href":"https:\/\/ecole.ac-nice.fr\/carros\/fiori\/index.php?rest_route=%2Fwp%2Fv2%2Fcomments&post=732"}],"version-history":[{"count":1,"href":"https:\/\/ecole.ac-nice.fr\/carros\/fiori\/index.php?rest_route=\/wp\/v2\/posts\/732\/revisions"}],"predecessor-version":[{"id":734,"href":"https:\/\/ecole.ac-nice.fr\/carros\/fiori\/index.php?rest_route=\/wp\/v2\/posts\/732\/revisions\/734"}],"wp:attachment":[{"href":"https:\/\/ecole.ac-nice.fr\/carros\/fiori\/index.php?rest_route=%2Fwp%2Fv2%2Fmedia&parent=732"}],"wp:term":[{"taxonomy":"category","embeddable":true,"href":"https:\/\/ecole.ac-nice.fr\/carros\/fiori\/index.php?rest_route=%2Fwp%2Fv2%2Fcategories&post=732"},{"taxonomy":"post_tag","embeddable":true,"href":"https:\/\/ecole.ac-nice.fr\/carros\/fiori\/index.php?rest_route=%2Fwp%2Fv2%2Ftags&post=732"}],"curies":[{"name":"wp","href":"https:\/\/api.w.org\/{rel}","templated":true}]}}