{"id":724,"date":"2019-08-29T18:22:51","date_gmt":"2019-08-29T16:22:51","guid":{"rendered":"http:\/\/ecole.ac-nice.fr\/carros\/fiori\/?p=724"},"modified":"2019-09-04T18:50:55","modified_gmt":"2019-09-04T16:50:55","slug":"compte-rendu-de-la-reunion-du-23-aout-2019","status":"publish","type":"post","link":"https:\/\/ecole.ac-nice.fr\/carros\/fiori\/?p=724","title":{"rendered":"Rentr\u00e9e 2019-2020"},"content":{"rendered":"<p><strong><span style=\"color: #800080\">Chers parents, vous trouverez ci-dessous un lien vers le compte rendu de la r\u00e9union de l&rsquo;association qui s&rsquo;est tenue le 23 ao\u00fbt 2019.<\/span><\/strong><\/p>\n<p><strong><span style=\"color: #800080\">Je vous en souhaite bonne lecture !<\/span><\/strong><\/p>\n<p><span style=\"color: #800080\"><a style=\"color: #800080\" href=\"http:\/\/ecole.ac-nice.fr\/carros\/fiori\/?attachment_id=725\" rel=\"attachment wp-att-725\">PV CA 23 AOUT 2019<\/a><\/span><\/p>\n<p><strong><span style=\"color: #0000ff\">Je vous joins aussi le calendrier pr\u00e9visionnel des manifestations pr\u00e9vues de septembre \u00e0 d\u00e9cembre 2019 :<\/span><\/strong><\/p>\n<p><strong><span style=\"color: #0000ff\"><a href=\"http:\/\/ecole.ac-nice.fr\/carros\/fiori\/?attachment_id=736\" rel=\"attachment wp-att-736\"><img loading=\"lazy\" decoding=\"async\" class=\"alignnone size-full wp-image-736\" src=\"https:\/\/ecole.ac-nice.fr\/carros\/fiori\/wp-content\/uploads\/sites\/25\/2019\/08\/calendrier-Pichouns.jpg\" alt=\"\" width=\"640\" height=\"360\" srcset=\"https:\/\/ecole.ac-nice.fr\/carros\/fiori\/wp-content\/uploads\/sites\/25\/2019\/08\/calendrier-Pichouns.jpg 640w, https:\/\/ecole.ac-nice.fr\/carros\/fiori\/wp-content\/uploads\/sites\/25\/2019\/08\/calendrier-Pichouns-300x169.jpg 300w\" sizes=\"auto, (max-width: 640px) 100vw, 640px\" \/><\/a><\/span><\/strong><\/p>\n","protected":false},"excerpt":{"rendered":"<p>Chers parents, vous trouverez ci-dessous un lien vers le compte rendu de la r\u00e9union de l&rsquo;association qui s&rsquo;est tenue le 23 ao\u00fbt 2019. Je vous en souhaite bonne lecture ! PV CA 23 AOUT 2019 Je vous joins aussi le calendrier pr\u00e9visionnel des manifestations pr\u00e9vues de septembre \u00e0 d\u00e9cembre 2019 :<\/p>\n","protected":false},"author":29,"featured_media":0,"comment_status":"closed","ping_status":"closed","sticky":false,"template":"","format":"chat","meta":{"footnotes":""},"categories":[1,13],"tags":[],"class_list":["post-724","post","type-post","status-publish","format-chat","hentry","category-actualites-diverses","category-association-de-lecole","post_format-post-format-chat"],"_links":{"self":[{"href":"https:\/\/ecole.ac-nice.fr\/carros\/fiori\/index.php?rest_route=\/wp\/v2\/posts\/724","targetHints":{"allow":["GET"]}}],"collection":[{"href":"https:\/\/ecole.ac-nice.fr\/carros\/fiori\/index.php?rest_route=\/wp\/v2\/posts"}],"about":[{"href":"https:\/\/ecole.ac-nice.fr\/carros\/fiori\/index.php?rest_route=\/wp\/v2\/types\/post"}],"author":[{"embeddable":true,"href":"https:\/\/ecole.ac-nice.fr\/carros\/fiori\/index.php?rest_route=\/wp\/v2\/users\/29"}],"replies":[{"embeddable":true,"href":"https:\/\/ecole.ac-nice.fr\/carros\/fiori\/index.php?rest_route=%2Fwp%2Fv2%2Fcomments&post=724"}],"version-history":[{"count":5,"href":"https:\/\/ecole.ac-nice.fr\/carros\/fiori\/index.php?rest_route=\/wp\/v2\/posts\/724\/revisions"}],"predecessor-version":[{"id":737,"href":"https:\/\/ecole.ac-nice.fr\/carros\/fiori\/index.php?rest_route=\/wp\/v2\/posts\/724\/revisions\/737"}],"wp:attachment":[{"href":"https:\/\/ecole.ac-nice.fr\/carros\/fiori\/index.php?rest_route=%2Fwp%2Fv2%2Fmedia&parent=724"}],"wp:term":[{"taxonomy":"category","embeddable":true,"href":"https:\/\/ecole.ac-nice.fr\/carros\/fiori\/index.php?rest_route=%2Fwp%2Fv2%2Fcategories&post=724"},{"taxonomy":"post_tag","embeddable":true,"href":"https:\/\/ecole.ac-nice.fr\/carros\/fiori\/index.php?rest_route=%2Fwp%2Fv2%2Ftags&post=724"}],"curies":[{"name":"wp","href":"https:\/\/api.w.org\/{rel}","templated":true}]}}