{"id":668,"date":"2019-06-14T10:09:03","date_gmt":"2019-06-14T08:09:03","guid":{"rendered":"http:\/\/ecole.ac-nice.fr\/carros\/fiori\/?p=668"},"modified":"2019-06-14T10:09:03","modified_gmt":"2019-06-14T08:09:03","slug":"compte-rendu-de-lassociation-et-calendrier-previsionnel","status":"publish","type":"post","link":"https:\/\/ecole.ac-nice.fr\/carros\/fiori\/?p=668","title":{"rendered":"Compte-rendu de l&rsquo;association et calendrier pr\u00e9visionnel."},"content":{"rendered":"<p><strong>Vous trouverez ci-dessous le compte-rendu de la r\u00e9union du mardi 11 juin ainsi que le calendrier des festivit\u00e9s pour cette fin d&rsquo;ann\u00e9e scolaire.<\/strong><\/p>\n<p><span style=\"color: #800080\"><strong>Bonne fin d&rsquo;ann\u00e9e \u00e0 tous !<\/strong><\/span><\/p>\n<p><a href=\"http:\/\/ecole.ac-nice.fr\/carros\/fiori\/?attachment_id=669\" rel=\"attachment wp-att-669\">compte rendu reunion du 11 juin 2019L<\/a><\/p>\n<p><a href=\"https:\/\/ecole.ac-nice.fr\/carros\/fiori\/wp-content\/uploads\/sites\/25\/2019\/06\/calendrier-manifestations-juin-juillet-2019.pdf\">calendrier manifestations juin juillet 2019<\/a><\/p>\n","protected":false},"excerpt":{"rendered":"<p>Vous trouverez ci-dessous le compte-rendu de la r\u00e9union du mardi 11 juin ainsi que le calendrier des festivit\u00e9s pour cette fin d&rsquo;ann\u00e9e scolaire. Bonne fin d&rsquo;ann\u00e9e \u00e0 tous ! compte rendu reunion du 11 juin 2019L calendrier manifestations juin juillet 2019<\/p>\n","protected":false},"author":29,"featured_media":0,"comment_status":"closed","ping_status":"closed","sticky":false,"template":"","format":"gallery","meta":{"footnotes":""},"categories":[1],"tags":[],"class_list":["post-668","post","type-post","status-publish","format-gallery","hentry","category-actualites-diverses","post_format-post-format-gallery"],"_links":{"self":[{"href":"https:\/\/ecole.ac-nice.fr\/carros\/fiori\/index.php?rest_route=\/wp\/v2\/posts\/668","targetHints":{"allow":["GET"]}}],"collection":[{"href":"https:\/\/ecole.ac-nice.fr\/carros\/fiori\/index.php?rest_route=\/wp\/v2\/posts"}],"about":[{"href":"https:\/\/ecole.ac-nice.fr\/carros\/fiori\/index.php?rest_route=\/wp\/v2\/types\/post"}],"author":[{"embeddable":true,"href":"https:\/\/ecole.ac-nice.fr\/carros\/fiori\/index.php?rest_route=\/wp\/v2\/users\/29"}],"replies":[{"embeddable":true,"href":"https:\/\/ecole.ac-nice.fr\/carros\/fiori\/index.php?rest_route=%2Fwp%2Fv2%2Fcomments&post=668"}],"version-history":[{"count":1,"href":"https:\/\/ecole.ac-nice.fr\/carros\/fiori\/index.php?rest_route=\/wp\/v2\/posts\/668\/revisions"}],"predecessor-version":[{"id":671,"href":"https:\/\/ecole.ac-nice.fr\/carros\/fiori\/index.php?rest_route=\/wp\/v2\/posts\/668\/revisions\/671"}],"wp:attachment":[{"href":"https:\/\/ecole.ac-nice.fr\/carros\/fiori\/index.php?rest_route=%2Fwp%2Fv2%2Fmedia&parent=668"}],"wp:term":[{"taxonomy":"category","embeddable":true,"href":"https:\/\/ecole.ac-nice.fr\/carros\/fiori\/index.php?rest_route=%2Fwp%2Fv2%2Fcategories&post=668"},{"taxonomy":"post_tag","embeddable":true,"href":"https:\/\/ecole.ac-nice.fr\/carros\/fiori\/index.php?rest_route=%2Fwp%2Fv2%2Ftags&post=668"}],"curies":[{"name":"wp","href":"https:\/\/api.w.org\/{rel}","templated":true}]}}