{"id":663,"date":"2019-04-05T09:01:43","date_gmt":"2019-04-05T07:01:43","guid":{"rendered":"http:\/\/ecole.ac-nice.fr\/carros\/fiori\/?p=663"},"modified":"2019-04-05T09:01:43","modified_gmt":"2019-04-05T07:01:43","slug":"semaine-nationale-de-la-marche-et-du-velo-a-lecole","status":"publish","type":"post","link":"https:\/\/ecole.ac-nice.fr\/carros\/fiori\/?p=663","title":{"rendered":"Semaine nationale de la marche et du v\u00e9lo \u00e0 l\u2019\u00e9cole"},"content":{"rendered":"<p><a href=\"http:\/\/ecole.ac-nice.fr\/carros\/fiori\/?attachment_id=664\" rel=\"attachment wp-att-664\"><img loading=\"lazy\" decoding=\"async\" class=\"alignnone size-full wp-image-664\" src=\"https:\/\/ecole.ac-nice.fr\/carros\/fiori\/wp-content\/uploads\/sites\/25\/2019\/04\/marche.jpg\" alt=\"\" width=\"880\" height=\"400\" srcset=\"https:\/\/ecole.ac-nice.fr\/carros\/fiori\/wp-content\/uploads\/sites\/25\/2019\/04\/marche.jpg 880w, https:\/\/ecole.ac-nice.fr\/carros\/fiori\/wp-content\/uploads\/sites\/25\/2019\/04\/marche-300x136.jpg 300w, https:\/\/ecole.ac-nice.fr\/carros\/fiori\/wp-content\/uploads\/sites\/25\/2019\/04\/marche-768x349.jpg 768w\" sizes=\"auto, (max-width: 880px) 100vw, 880px\" \/><\/a><\/p>\n<p>La \u00ab Semaine nationale de la marche et du v\u00e9lo \u00e0 l\u2019\u00e9cole et au coll\u00e8ge \u00bb est organis\u00e9e par le minist\u00e8re de l\u2019\u00e9ducation nationale et de la jeunesse, en partenariat avec le minist\u00e8re de la transition \u00e9cologique et solidaire et avec la participation du minist\u00e8re de l\u2019int\u00e9rieur.<br \/>\nLa mobilit\u00e9 active r\u00e9unit tous les modes de d\u00e9placement o\u00f9 la force motrice est humaine notamment le v\u00e9lo et la marche.<br \/>\nLa \u00ab Semaine nationale de la marche et du v\u00e9lo \u00e0 l\u2019\u00e9cole et au coll\u00e8ge \u00bb vise \u00e0 sensibiliser les \u00e9l\u00e8ves des \u00e9coles primaires et des coll\u00e8ges \u00e0 l\u2019int\u00e9r\u00eat du v\u00e9lo et de la marche et \u00e0 promouvoir ces modes actifs de d\u00e9placement dans les pratiques quotidiennes. Il s\u2019agit de faire en sorte que le jeune \u00e9l\u00e8ve devienne, au fil de son autonomie grandissante, un citoyen responsable \u00e9galement en mati\u00e8re de mobilit\u00e9.<br \/>\nL\u2019\u00e9quipe p\u00e9dagogique de l&rsquo;\u00e9cole Louis Fiori a d\u00e9fini \u00e0 l\u2019\u00e9chelle des classes \u00e9l\u00e9mentaires, sur le temps scolaire, plusieurs actions sur plusieurs journ\u00e9es, durant la semaine du 13 au 17 mai 2019 et dans les jours qui suivent. Des actions p\u00e9dagogiques transversales sont conduites dans les domaines de l\u2019\u00e9ducation \u00e0 la sant\u00e9, \u00e0 la citoyennet\u00e9, \u00e0 la s\u00e9curit\u00e9, \u00e0 l\u2019environnement et au d\u00e9veloppement durable, ainsi qu\u2019\u00e0 la s\u00e9curit\u00e9 routi\u00e8re.<\/p>\n<p><strong>La participation \u00e0 cette manifestation prend la forme d\u2019un projet d\u2019actions valorisant les bienfaits de l\u2019usage du v\u00e9lo et de la marche pour la sant\u00e9 et l\u2019environnement :<\/strong><\/p>\n<p><span style=\"color: #ffff00\">\u2192 d\u00e9couverte de son environnement proche : randonn\u00e9es les 14 et 16 mai pour les classes de CP, CE1-CE2, CE2-CM1 et CM2<\/span><br \/>\n<span style=\"color: #ffff00\">\u2192 activit\u00e9s pratiques de ma\u00eetrise du v\u00e9lo : le 24 mai pour les CM1 et CM2<\/span><br \/>\n<span style=\"color: #ffff00\">\u2192 activit\u00e9s de sensibilisation \u00e0 la s\u00e9curit\u00e9 routi\u00e8re : le 24 mai pour les CM1 et CM2<\/span><br \/>\n<span style=\"color: #ffff00\">\u2192 d\u00e9velopper le lien avec les sensibilisations \u00e0 la s\u00e9curit\u00e9 et aux premiers secours : le 7 juin pour les CM2 avec l&rsquo;infirmi\u00e8re scolaire.<\/span><\/p>\n","protected":false},"excerpt":{"rendered":"<p>La \u00ab Semaine nationale de la marche et du v\u00e9lo \u00e0 l\u2019\u00e9cole et au coll\u00e8ge \u00bb est organis\u00e9e par le minist\u00e8re de l\u2019\u00e9ducation nationale et de la jeunesse, en partenariat avec le minist\u00e8re de la transition \u00e9cologique et solidaire et avec la participation du minist\u00e8re de l\u2019int\u00e9rieur. La mobilit\u00e9 active r\u00e9unit tous les modes de &hellip; <a href=\"https:\/\/ecole.ac-nice.fr\/carros\/fiori\/?p=663\" class=\"more-link\">Continuer la lecture de <span class=\"screen-reader-text\">Semaine nationale de la marche et du v\u00e9lo \u00e0 l\u2019\u00e9cole<\/span> <span class=\"meta-nav\">&rarr;<\/span><\/a><\/p>\n","protected":false},"author":29,"featured_media":0,"comment_status":"closed","ping_status":"open","sticky":false,"template":"","format":"quote","meta":{"footnotes":""},"categories":[1,12],"tags":[],"class_list":["post-663","post","type-post","status-publish","format-quote","hentry","category-actualites-diverses","category-sorties","post_format-post-format-quote"],"_links":{"self":[{"href":"https:\/\/ecole.ac-nice.fr\/carros\/fiori\/index.php?rest_route=\/wp\/v2\/posts\/663","targetHints":{"allow":["GET"]}}],"collection":[{"href":"https:\/\/ecole.ac-nice.fr\/carros\/fiori\/index.php?rest_route=\/wp\/v2\/posts"}],"about":[{"href":"https:\/\/ecole.ac-nice.fr\/carros\/fiori\/index.php?rest_route=\/wp\/v2\/types\/post"}],"author":[{"embeddable":true,"href":"https:\/\/ecole.ac-nice.fr\/carros\/fiori\/index.php?rest_route=\/wp\/v2\/users\/29"}],"replies":[{"embeddable":true,"href":"https:\/\/ecole.ac-nice.fr\/carros\/fiori\/index.php?rest_route=%2Fwp%2Fv2%2Fcomments&post=663"}],"version-history":[{"count":1,"href":"https:\/\/ecole.ac-nice.fr\/carros\/fiori\/index.php?rest_route=\/wp\/v2\/posts\/663\/revisions"}],"predecessor-version":[{"id":665,"href":"https:\/\/ecole.ac-nice.fr\/carros\/fiori\/index.php?rest_route=\/wp\/v2\/posts\/663\/revisions\/665"}],"wp:attachment":[{"href":"https:\/\/ecole.ac-nice.fr\/carros\/fiori\/index.php?rest_route=%2Fwp%2Fv2%2Fmedia&parent=663"}],"wp:term":[{"taxonomy":"category","embeddable":true,"href":"https:\/\/ecole.ac-nice.fr\/carros\/fiori\/index.php?rest_route=%2Fwp%2Fv2%2Fcategories&post=663"},{"taxonomy":"post_tag","embeddable":true,"href":"https:\/\/ecole.ac-nice.fr\/carros\/fiori\/index.php?rest_route=%2Fwp%2Fv2%2Ftags&post=663"}],"curies":[{"name":"wp","href":"https:\/\/api.w.org\/{rel}","templated":true}]}}