{"id":650,"date":"2019-03-29T15:09:04","date_gmt":"2019-03-29T14:09:04","guid":{"rendered":"http:\/\/ecole.ac-nice.fr\/carros\/fiori\/?p=650"},"modified":"2019-03-29T15:09:27","modified_gmt":"2019-03-29T14:09:27","slug":"sortie-au-musee-fernand-leger","status":"publish","type":"post","link":"https:\/\/ecole.ac-nice.fr\/carros\/fiori\/?p=650","title":{"rendered":"Sortie au mus\u00e9e Fernand L\u00e9ger"},"content":{"rendered":"<p>Dans le cadre du projet PAE et du 100% EAC, les \u00e9l\u00e8ves de maternelle se rendront en bus au mus\u00e9e Fernand L\u00e9ger le vendredi 14 juin 2019.<\/p>\n<p>R\u00e9unissant un fonds unique de tableaux, c\u00e9ramiques et dessins,\u00a0la\u00a0<strong>collection du mus\u00e9e national Fernand L\u00e9ger<\/strong> leur permettra de\u00a0\u00a0d\u00e9couvrir cet artiste majeur de l\u2019avant-garde, de ses recherches cubistes aux grandes compositions color\u00e9es des ann\u00e9es cinquante.<br \/>\nContrastes de formes et dynamisme de la couleur \u00e9voquent\u00a0le rythme de la machine, la po\u00e9sie des objets et la beaut\u00e9 de\u00a0la grande ville moderne.<\/p>\n<p><a href=\"http:\/\/ecole.ac-nice.fr\/carros\/fiori\/?attachment_id=652\" rel=\"attachment wp-att-652\"><img loading=\"lazy\" decoding=\"async\" class=\"alignnone size-full wp-image-652\" src=\"https:\/\/ecole.ac-nice.fr\/carros\/fiori\/wp-content\/uploads\/sites\/25\/2019\/03\/Fernand-l\u00e9ger.jpg\" alt=\"\" width=\"275\" height=\"183\" \/>\u00a0 <\/a><a href=\"http:\/\/ecole.ac-nice.fr\/carros\/fiori\/?attachment_id=654\" rel=\"attachment wp-att-654\"><img loading=\"lazy\" decoding=\"async\" class=\"alignnone size-full wp-image-654\" src=\"https:\/\/ecole.ac-nice.fr\/carros\/fiori\/wp-content\/uploads\/sites\/25\/2019\/03\/couleur_p4.jpg\" alt=\"\" width=\"220\" height=\"165\" \/><\/a><\/p>\n<p class=\"txt\">Apr\u00e8s la d\u00e9couverte de quelques \u0153uvres, les \u00e9l\u00e8ves participeront \u00e0 un atelier permettant de d\u00e9couvrir les th\u00e8mes\u00a0 et les techniques de Fernand L\u00e9ger :<\/p>\n<ul>\n<li class=\"txt\">La couleur<\/li>\n<li class=\"txt\">La figure humaine<\/li>\n<li class=\"txt\">Les objets<\/li>\n<li class=\"txt\">Le cirque<\/li>\n<li class=\"txt\">La ville<\/li>\n<\/ul>\n<p><a href=\"http:\/\/ecole.ac-nice.fr\/carros\/fiori\/?attachment_id=653\" rel=\"attachment wp-att-653\"><img loading=\"lazy\" decoding=\"async\" class=\"alignnone size-full wp-image-653\" src=\"https:\/\/ecole.ac-nice.fr\/carros\/fiori\/wp-content\/uploads\/sites\/25\/2019\/03\/musee-national-fernand.jpg\" alt=\"\" width=\"550\" height=\"413\" srcset=\"https:\/\/ecole.ac-nice.fr\/carros\/fiori\/wp-content\/uploads\/sites\/25\/2019\/03\/musee-national-fernand.jpg 550w, https:\/\/ecole.ac-nice.fr\/carros\/fiori\/wp-content\/uploads\/sites\/25\/2019\/03\/musee-national-fernand-300x225.jpg 300w\" sizes=\"auto, (max-width: 550px) 100vw, 550px\" \/><\/a><\/p>\n<p><strong>Une belle journ\u00e9e en perspective !<\/strong><\/p>\n","protected":false},"excerpt":{"rendered":"<p>Dans le cadre du projet PAE et du 100% EAC, les \u00e9l\u00e8ves de maternelle se rendront en bus au mus\u00e9e Fernand L\u00e9ger le vendredi 14 juin 2019. R\u00e9unissant un fonds unique de tableaux, c\u00e9ramiques et dessins,\u00a0la\u00a0collection du mus\u00e9e national Fernand L\u00e9ger leur permettra de\u00a0\u00a0d\u00e9couvrir cet artiste majeur de l\u2019avant-garde, de ses recherches cubistes aux grandes &hellip; <a href=\"https:\/\/ecole.ac-nice.fr\/carros\/fiori\/?p=650\" class=\"more-link\">Continuer la lecture de <span class=\"screen-reader-text\">Sortie au mus\u00e9e Fernand L\u00e9ger<\/span> <span class=\"meta-nav\">&rarr;<\/span><\/a><\/p>\n","protected":false},"author":29,"featured_media":0,"comment_status":"closed","ping_status":"open","sticky":false,"template":"","format":"gallery","meta":{"footnotes":""},"categories":[1,12],"tags":[],"class_list":["post-650","post","type-post","status-publish","format-gallery","hentry","category-actualites-diverses","category-sorties","post_format-post-format-gallery"],"_links":{"self":[{"href":"https:\/\/ecole.ac-nice.fr\/carros\/fiori\/index.php?rest_route=\/wp\/v2\/posts\/650","targetHints":{"allow":["GET"]}}],"collection":[{"href":"https:\/\/ecole.ac-nice.fr\/carros\/fiori\/index.php?rest_route=\/wp\/v2\/posts"}],"about":[{"href":"https:\/\/ecole.ac-nice.fr\/carros\/fiori\/index.php?rest_route=\/wp\/v2\/types\/post"}],"author":[{"embeddable":true,"href":"https:\/\/ecole.ac-nice.fr\/carros\/fiori\/index.php?rest_route=\/wp\/v2\/users\/29"}],"replies":[{"embeddable":true,"href":"https:\/\/ecole.ac-nice.fr\/carros\/fiori\/index.php?rest_route=%2Fwp%2Fv2%2Fcomments&post=650"}],"version-history":[{"count":3,"href":"https:\/\/ecole.ac-nice.fr\/carros\/fiori\/index.php?rest_route=\/wp\/v2\/posts\/650\/revisions"}],"predecessor-version":[{"id":659,"href":"https:\/\/ecole.ac-nice.fr\/carros\/fiori\/index.php?rest_route=\/wp\/v2\/posts\/650\/revisions\/659"}],"wp:attachment":[{"href":"https:\/\/ecole.ac-nice.fr\/carros\/fiori\/index.php?rest_route=%2Fwp%2Fv2%2Fmedia&parent=650"}],"wp:term":[{"taxonomy":"category","embeddable":true,"href":"https:\/\/ecole.ac-nice.fr\/carros\/fiori\/index.php?rest_route=%2Fwp%2Fv2%2Fcategories&post=650"},{"taxonomy":"post_tag","embeddable":true,"href":"https:\/\/ecole.ac-nice.fr\/carros\/fiori\/index.php?rest_route=%2Fwp%2Fv2%2Ftags&post=650"}],"curies":[{"name":"wp","href":"https:\/\/api.w.org\/{rel}","templated":true}]}}