{"id":644,"date":"2019-03-29T14:13:11","date_gmt":"2019-03-29T13:13:11","guid":{"rendered":"http:\/\/ecole.ac-nice.fr\/carros\/fiori\/?p=644"},"modified":"2019-03-29T14:13:11","modified_gmt":"2019-03-29T13:13:11","slug":"carnaval-2019","status":"publish","type":"post","link":"https:\/\/ecole.ac-nice.fr\/carros\/fiori\/?p=644","title":{"rendered":"Carnaval 2019"},"content":{"rendered":"<p>Le vendredi 22 mars 2019, de 14h00 \u00e0 16h30, a eu lieu le d\u00e9fil\u00e9 de carnaval dans les rues du village sur la th\u00e9matique du cin\u00e9ma, suivi d\u2019un go\u00fbter pour les enfants \u00e0 l\u2019\u00e9cole.<\/p>\n<p>Enfants, parents et enseignants ont pass\u00e9 un d\u00e9licieux moment, tant dans la pr\u00e9paration des grosses t\u00eates que dans la joie de d\u00e9ambuler dans les rues du village ou de d\u00e9guster les croissants et pains au chocolat pr\u00e9par\u00e9s par le CFA.<\/p>\n<p>L&rsquo;Association des Pitchouns de l&rsquo;\u00e9cole Louis Fiori et les enseignants remercient les nombreux parents et grands-parents qui se sont port\u00e9s volontaires pour l\u2019encadrement et le CFA pour sa contribution culinaire.<\/p>\n<p>Voici quelques photos, d&rsquo;autres sont \u00e0 venir :<\/p>\n<figure id=\"attachment_645\" aria-describedby=\"caption-attachment-645\" style=\"width: 4608px\" class=\"wp-caption alignnone\"><a href=\"http:\/\/ecole.ac-nice.fr\/carros\/fiori\/?attachment_id=645\" rel=\"attachment wp-att-645\"><img loading=\"lazy\" decoding=\"async\" class=\"size-full wp-image-645\" src=\"https:\/\/ecole.ac-nice.fr\/carros\/fiori\/wp-content\/uploads\/sites\/25\/2019\/03\/1.jpg\" alt=\"\" width=\"4608\" height=\"3456\" srcset=\"https:\/\/ecole.ac-nice.fr\/carros\/fiori\/wp-content\/uploads\/sites\/25\/2019\/03\/1.jpg 4608w, https:\/\/ecole.ac-nice.fr\/carros\/fiori\/wp-content\/uploads\/sites\/25\/2019\/03\/1-300x225.jpg 300w, https:\/\/ecole.ac-nice.fr\/carros\/fiori\/wp-content\/uploads\/sites\/25\/2019\/03\/1-768x576.jpg 768w, https:\/\/ecole.ac-nice.fr\/carros\/fiori\/wp-content\/uploads\/sites\/25\/2019\/03\/1-1024x768.jpg 1024w\" sizes=\"auto, (max-width: 4608px) 100vw, 4608px\" \/><\/a><figcaption id=\"caption-attachment-645\" class=\"wp-caption-text\">KODAK Digital Still Camera<\/figcaption><\/figure>\n<figure id=\"attachment_646\" aria-describedby=\"caption-attachment-646\" style=\"width: 4608px\" class=\"wp-caption alignnone\"><a href=\"http:\/\/ecole.ac-nice.fr\/carros\/fiori\/?attachment_id=646\" rel=\"attachment wp-att-646\"><img loading=\"lazy\" decoding=\"async\" class=\"size-full wp-image-646\" src=\"https:\/\/ecole.ac-nice.fr\/carros\/fiori\/wp-content\/uploads\/sites\/25\/2019\/03\/2.jpg\" alt=\"\" width=\"4608\" height=\"3456\" srcset=\"https:\/\/ecole.ac-nice.fr\/carros\/fiori\/wp-content\/uploads\/sites\/25\/2019\/03\/2.jpg 4608w, https:\/\/ecole.ac-nice.fr\/carros\/fiori\/wp-content\/uploads\/sites\/25\/2019\/03\/2-300x225.jpg 300w, https:\/\/ecole.ac-nice.fr\/carros\/fiori\/wp-content\/uploads\/sites\/25\/2019\/03\/2-768x576.jpg 768w, https:\/\/ecole.ac-nice.fr\/carros\/fiori\/wp-content\/uploads\/sites\/25\/2019\/03\/2-1024x768.jpg 1024w\" sizes=\"auto, (max-width: 4608px) 100vw, 4608px\" \/><\/a><figcaption id=\"caption-attachment-646\" class=\"wp-caption-text\">KODAK Digital Still Camera<\/figcaption><\/figure>\n<p><a href=\"http:\/\/ecole.ac-nice.fr\/carros\/fiori\/?attachment_id=647\" rel=\"attachment wp-att-647\"><img loading=\"lazy\" decoding=\"async\" class=\"alignnone size-full wp-image-647\" src=\"https:\/\/ecole.ac-nice.fr\/carros\/fiori\/wp-content\/uploads\/sites\/25\/2019\/03\/IMG_0637.jpg\" alt=\"\" width=\"640\" height=\"480\" srcset=\"https:\/\/ecole.ac-nice.fr\/carros\/fiori\/wp-content\/uploads\/sites\/25\/2019\/03\/IMG_0637.jpg 640w, https:\/\/ecole.ac-nice.fr\/carros\/fiori\/wp-content\/uploads\/sites\/25\/2019\/03\/IMG_0637-300x225.jpg 300w\" sizes=\"auto, (max-width: 640px) 100vw, 640px\" \/><\/a> <a href=\"http:\/\/ecole.ac-nice.fr\/carros\/fiori\/?attachment_id=648\" rel=\"attachment wp-att-648\"><img loading=\"lazy\" decoding=\"async\" class=\"alignnone size-full wp-image-648\" src=\"https:\/\/ecole.ac-nice.fr\/carros\/fiori\/wp-content\/uploads\/sites\/25\/2019\/03\/IMG_0642.jpg\" alt=\"\" width=\"640\" height=\"480\" srcset=\"https:\/\/ecole.ac-nice.fr\/carros\/fiori\/wp-content\/uploads\/sites\/25\/2019\/03\/IMG_0642.jpg 640w, https:\/\/ecole.ac-nice.fr\/carros\/fiori\/wp-content\/uploads\/sites\/25\/2019\/03\/IMG_0642-300x225.jpg 300w\" sizes=\"auto, (max-width: 640px) 100vw, 640px\" \/><\/a><\/p>\n","protected":false},"excerpt":{"rendered":"<p>Le vendredi 22 mars 2019, de 14h00 \u00e0 16h30, a eu lieu le d\u00e9fil\u00e9 de carnaval dans les rues du village sur la th\u00e9matique du cin\u00e9ma, suivi d\u2019un go\u00fbter pour les enfants \u00e0 l\u2019\u00e9cole. Enfants, parents et enseignants ont pass\u00e9 un d\u00e9licieux moment, tant dans la pr\u00e9paration des grosses t\u00eates que dans la joie de &hellip; <a href=\"https:\/\/ecole.ac-nice.fr\/carros\/fiori\/?p=644\" class=\"more-link\">Continuer la lecture de <span class=\"screen-reader-text\">Carnaval 2019<\/span> <span class=\"meta-nav\">&rarr;<\/span><\/a><\/p>\n","protected":false},"author":29,"featured_media":0,"comment_status":"closed","ping_status":"open","sticky":false,"template":"","format":"chat","meta":{"footnotes":""},"categories":[1],"tags":[],"class_list":["post-644","post","type-post","status-publish","format-chat","hentry","category-actualites-diverses","post_format-post-format-chat"],"_links":{"self":[{"href":"https:\/\/ecole.ac-nice.fr\/carros\/fiori\/index.php?rest_route=\/wp\/v2\/posts\/644","targetHints":{"allow":["GET"]}}],"collection":[{"href":"https:\/\/ecole.ac-nice.fr\/carros\/fiori\/index.php?rest_route=\/wp\/v2\/posts"}],"about":[{"href":"https:\/\/ecole.ac-nice.fr\/carros\/fiori\/index.php?rest_route=\/wp\/v2\/types\/post"}],"author":[{"embeddable":true,"href":"https:\/\/ecole.ac-nice.fr\/carros\/fiori\/index.php?rest_route=\/wp\/v2\/users\/29"}],"replies":[{"embeddable":true,"href":"https:\/\/ecole.ac-nice.fr\/carros\/fiori\/index.php?rest_route=%2Fwp%2Fv2%2Fcomments&post=644"}],"version-history":[{"count":1,"href":"https:\/\/ecole.ac-nice.fr\/carros\/fiori\/index.php?rest_route=\/wp\/v2\/posts\/644\/revisions"}],"predecessor-version":[{"id":649,"href":"https:\/\/ecole.ac-nice.fr\/carros\/fiori\/index.php?rest_route=\/wp\/v2\/posts\/644\/revisions\/649"}],"wp:attachment":[{"href":"https:\/\/ecole.ac-nice.fr\/carros\/fiori\/index.php?rest_route=%2Fwp%2Fv2%2Fmedia&parent=644"}],"wp:term":[{"taxonomy":"category","embeddable":true,"href":"https:\/\/ecole.ac-nice.fr\/carros\/fiori\/index.php?rest_route=%2Fwp%2Fv2%2Fcategories&post=644"},{"taxonomy":"post_tag","embeddable":true,"href":"https:\/\/ecole.ac-nice.fr\/carros\/fiori\/index.php?rest_route=%2Fwp%2Fv2%2Ftags&post=644"}],"curies":[{"name":"wp","href":"https:\/\/api.w.org\/{rel}","templated":true}]}}