{"id":627,"date":"2019-03-15T12:04:21","date_gmt":"2019-03-15T11:04:21","guid":{"rendered":"http:\/\/ecole.ac-nice.fr\/carros\/fiori\/?p=627"},"modified":"2019-03-15T12:04:21","modified_gmt":"2019-03-15T11:04:21","slug":"sortie-de-fin-dannee-musee-oceanographique","status":"publish","type":"post","link":"https:\/\/ecole.ac-nice.fr\/carros\/fiori\/?p=627","title":{"rendered":"Sortie de fin d&rsquo;ann\u00e9e : mus\u00e9e oc\u00e9anographique"},"content":{"rendered":"<p>Dans le cadre du projet p\u00e9dagogique de l&rsquo;ann\u00e9e et en compl\u00e9ment du s\u00e9jour en classe de mer, les \u00e9l\u00e8ves de CE1-CE2 et de CE2-CM1, auront la chance, pour la sortie de fin d&rsquo;ann\u00e9e,\u00a0 de se rendre en bus au mus\u00e9e oc\u00e9anographique de Monaco le <span style=\"color: #0000ff\"><strong>mardi 4 juin 2019<\/strong><\/span>.<\/p>\n<p><a href=\"http:\/\/ecole.ac-nice.fr\/carros\/fiori\/?attachment_id=628\" rel=\"attachment wp-att-628\"><img loading=\"lazy\" decoding=\"async\" class=\"alignnone size-full wp-image-628\" src=\"https:\/\/ecole.ac-nice.fr\/carros\/fiori\/wp-content\/uploads\/sites\/25\/2019\/03\/43163-museeoceanographiquemonaco600x450.jpg\" alt=\"\" width=\"600\" height=\"450\" srcset=\"https:\/\/ecole.ac-nice.fr\/carros\/fiori\/wp-content\/uploads\/sites\/25\/2019\/03\/43163-museeoceanographiquemonaco600x450.jpg 600w, https:\/\/ecole.ac-nice.fr\/carros\/fiori\/wp-content\/uploads\/sites\/25\/2019\/03\/43163-museeoceanographiquemonaco600x450-300x225.jpg 300w\" sizes=\"auto, (max-width: 600px) 100vw, 600px\" \/><\/a><\/p>\n<p>Ils participeront sur place \u00e0 l&rsquo;atelier \u00ab\u00a0requin\u00a0\u00bb et seront sensibilis\u00e9s \u00e0 la pr\u00e9servation de notre environnement.<\/p>\n<p>Bonne visite \u00e0 eux !<a href=\"http:\/\/ecole.ac-nice.fr\/carros\/fiori\/?attachment_id=629\" rel=\"attachment wp-att-629\"><img loading=\"lazy\" decoding=\"async\" class=\"alignnone size-full wp-image-629\" src=\"https:\/\/ecole.ac-nice.fr\/carros\/fiori\/wp-content\/uploads\/sites\/25\/2019\/03\/2568312405_1.jpg\" alt=\"\" width=\"600\" height=\"355\" srcset=\"https:\/\/ecole.ac-nice.fr\/carros\/fiori\/wp-content\/uploads\/sites\/25\/2019\/03\/2568312405_1.jpg 600w, https:\/\/ecole.ac-nice.fr\/carros\/fiori\/wp-content\/uploads\/sites\/25\/2019\/03\/2568312405_1-300x178.jpg 300w\" sizes=\"auto, (max-width: 600px) 100vw, 600px\" \/><\/a><\/p>\n<p>&nbsp;<\/p>\n","protected":false},"excerpt":{"rendered":"<p>Dans le cadre du projet p\u00e9dagogique de l&rsquo;ann\u00e9e et en compl\u00e9ment du s\u00e9jour en classe de mer, les \u00e9l\u00e8ves de CE1-CE2 et de CE2-CM1, auront la chance, pour la sortie de fin d&rsquo;ann\u00e9e,\u00a0 de se rendre en bus au mus\u00e9e oc\u00e9anographique de Monaco le mardi 4 juin 2019. Ils participeront sur place \u00e0 l&rsquo;atelier \u00ab\u00a0requin\u00a0\u00bb &hellip; <a href=\"https:\/\/ecole.ac-nice.fr\/carros\/fiori\/?p=627\" class=\"more-link\">Continuer la lecture de <span class=\"screen-reader-text\">Sortie de fin d&rsquo;ann\u00e9e : mus\u00e9e oc\u00e9anographique<\/span> <span class=\"meta-nav\">&rarr;<\/span><\/a><\/p>\n","protected":false},"author":29,"featured_media":0,"comment_status":"closed","ping_status":"open","sticky":false,"template":"","format":"gallery","meta":{"footnotes":""},"categories":[1,12],"tags":[],"class_list":["post-627","post","type-post","status-publish","format-gallery","hentry","category-actualites-diverses","category-sorties","post_format-post-format-gallery"],"_links":{"self":[{"href":"https:\/\/ecole.ac-nice.fr\/carros\/fiori\/index.php?rest_route=\/wp\/v2\/posts\/627","targetHints":{"allow":["GET"]}}],"collection":[{"href":"https:\/\/ecole.ac-nice.fr\/carros\/fiori\/index.php?rest_route=\/wp\/v2\/posts"}],"about":[{"href":"https:\/\/ecole.ac-nice.fr\/carros\/fiori\/index.php?rest_route=\/wp\/v2\/types\/post"}],"author":[{"embeddable":true,"href":"https:\/\/ecole.ac-nice.fr\/carros\/fiori\/index.php?rest_route=\/wp\/v2\/users\/29"}],"replies":[{"embeddable":true,"href":"https:\/\/ecole.ac-nice.fr\/carros\/fiori\/index.php?rest_route=%2Fwp%2Fv2%2Fcomments&post=627"}],"version-history":[{"count":1,"href":"https:\/\/ecole.ac-nice.fr\/carros\/fiori\/index.php?rest_route=\/wp\/v2\/posts\/627\/revisions"}],"predecessor-version":[{"id":630,"href":"https:\/\/ecole.ac-nice.fr\/carros\/fiori\/index.php?rest_route=\/wp\/v2\/posts\/627\/revisions\/630"}],"wp:attachment":[{"href":"https:\/\/ecole.ac-nice.fr\/carros\/fiori\/index.php?rest_route=%2Fwp%2Fv2%2Fmedia&parent=627"}],"wp:term":[{"taxonomy":"category","embeddable":true,"href":"https:\/\/ecole.ac-nice.fr\/carros\/fiori\/index.php?rest_route=%2Fwp%2Fv2%2Fcategories&post=627"},{"taxonomy":"post_tag","embeddable":true,"href":"https:\/\/ecole.ac-nice.fr\/carros\/fiori\/index.php?rest_route=%2Fwp%2Fv2%2Ftags&post=627"}],"curies":[{"name":"wp","href":"https:\/\/api.w.org\/{rel}","templated":true}]}}