{"id":609,"date":"2019-03-08T10:30:37","date_gmt":"2019-03-08T09:30:37","guid":{"rendered":"http:\/\/ecole.ac-nice.fr\/carros\/fiori\/?p=609"},"modified":"2019-03-08T10:30:37","modified_gmt":"2019-03-08T09:30:37","slug":"sejour-classe-de-mer","status":"publish","type":"post","link":"https:\/\/ecole.ac-nice.fr\/carros\/fiori\/?p=609","title":{"rendered":"S\u00e9jour classe de mer"},"content":{"rendered":"<p style=\"text-align: center\"><a href=\"http:\/\/ecole.ac-nice.fr\/carros\/fiori\/?attachment_id=613\" rel=\"attachment wp-att-613\"><img loading=\"lazy\" decoding=\"async\" class=\"alignnone  wp-image-613\" src=\"https:\/\/ecole.ac-nice.fr\/carros\/fiori\/wp-content\/uploads\/sites\/25\/2019\/03\/Photo-HJEPAC0060000025-1.jpg\" alt=\"\" width=\"240\" height=\"321\" srcset=\"https:\/\/ecole.ac-nice.fr\/carros\/fiori\/wp-content\/uploads\/sites\/25\/2019\/03\/Photo-HJEPAC0060000025-1.jpg 300w, https:\/\/ecole.ac-nice.fr\/carros\/fiori\/wp-content\/uploads\/sites\/25\/2019\/03\/Photo-HJEPAC0060000025-1-224x300.jpg 224w\" sizes=\"auto, (max-width: 240px) 100vw, 240px\" \/> <\/a><a href=\"http:\/\/ecole.ac-nice.fr\/carros\/fiori\/?attachment_id=611\" rel=\"attachment wp-att-611\"><img loading=\"lazy\" decoding=\"async\" class=\"alignnone size-full wp-image-611\" src=\"https:\/\/ecole.ac-nice.fr\/carros\/fiori\/wp-content\/uploads\/sites\/25\/2019\/03\/dpt06-loisirs-ednam_photos_int_edm_019.jpg\" alt=\"\" width=\"200\" height=\"267\" \/><\/a><\/p>\n<p style=\"text-align: center\">La classe de CE2-CM1 aura l&rsquo;immense plaisir de profiter d&rsquo;un s\u00e9jour dans l&rsquo;\u00e9cole d\u00e9partementale de St Jean Cap Ferrat du 22 au 26 avril 2019.<a href=\"http:\/\/ecole.ac-nice.fr\/carros\/fiori\/?attachment_id=610\" rel=\"attachment wp-att-610\"><img loading=\"lazy\" decoding=\"async\" class=\"wp-image-610 aligncenter\" src=\"https:\/\/ecole.ac-nice.fr\/carros\/fiori\/wp-content\/uploads\/sites\/25\/2019\/03\/dpt06-loisirs-ednam_photos_int_edm_002_1.jpg\" alt=\"\" width=\"312\" height=\"234\" srcset=\"https:\/\/ecole.ac-nice.fr\/carros\/fiori\/wp-content\/uploads\/sites\/25\/2019\/03\/dpt06-loisirs-ednam_photos_int_edm_002_1.jpg 400w, https:\/\/ecole.ac-nice.fr\/carros\/fiori\/wp-content\/uploads\/sites\/25\/2019\/03\/dpt06-loisirs-ednam_photos_int_edm_002_1-300x225.jpg 300w\" sizes=\"auto, (max-width: 312px) 100vw, 312px\" \/><\/a><\/p>\n<p>&nbsp;<\/p>\n<h6 style=\"text-align: center\"><strong><span style=\"color: #0000ff\">Bon voyage \u00e0 eux !<\/span><\/strong><\/h6>\n<p><a href=\"http:\/\/ecole.ac-nice.fr\/carros\/fiori\/?attachment_id=612\" rel=\"attachment wp-att-612\"><img loading=\"lazy\" decoding=\"async\" class=\"alignnone size-full wp-image-612 aligncenter\" src=\"https:\/\/ecole.ac-nice.fr\/carros\/fiori\/wp-content\/uploads\/sites\/25\/2019\/03\/ete3.jpg\" alt=\"\" width=\"1600\" height=\"1200\" srcset=\"https:\/\/ecole.ac-nice.fr\/carros\/fiori\/wp-content\/uploads\/sites\/25\/2019\/03\/ete3.jpg 1600w, https:\/\/ecole.ac-nice.fr\/carros\/fiori\/wp-content\/uploads\/sites\/25\/2019\/03\/ete3-300x225.jpg 300w, https:\/\/ecole.ac-nice.fr\/carros\/fiori\/wp-content\/uploads\/sites\/25\/2019\/03\/ete3-768x576.jpg 768w, https:\/\/ecole.ac-nice.fr\/carros\/fiori\/wp-content\/uploads\/sites\/25\/2019\/03\/ete3-1024x768.jpg 1024w\" sizes=\"auto, (max-width: 1600px) 100vw, 1600px\" \/><\/a><\/p>\n","protected":false},"excerpt":{"rendered":"<p>La classe de CE2-CM1 aura l&rsquo;immense plaisir de profiter d&rsquo;un s\u00e9jour dans l&rsquo;\u00e9cole d\u00e9partementale de St Jean Cap Ferrat du 22 au 26 avril 2019. &nbsp; Bon voyage \u00e0 eux !<\/p>\n","protected":false},"author":29,"featured_media":0,"comment_status":"closed","ping_status":"open","sticky":false,"template":"","format":"quote","meta":{"footnotes":""},"categories":[1],"tags":[],"class_list":["post-609","post","type-post","status-publish","format-quote","hentry","category-actualites-diverses","post_format-post-format-quote"],"_links":{"self":[{"href":"https:\/\/ecole.ac-nice.fr\/carros\/fiori\/index.php?rest_route=\/wp\/v2\/posts\/609","targetHints":{"allow":["GET"]}}],"collection":[{"href":"https:\/\/ecole.ac-nice.fr\/carros\/fiori\/index.php?rest_route=\/wp\/v2\/posts"}],"about":[{"href":"https:\/\/ecole.ac-nice.fr\/carros\/fiori\/index.php?rest_route=\/wp\/v2\/types\/post"}],"author":[{"embeddable":true,"href":"https:\/\/ecole.ac-nice.fr\/carros\/fiori\/index.php?rest_route=\/wp\/v2\/users\/29"}],"replies":[{"embeddable":true,"href":"https:\/\/ecole.ac-nice.fr\/carros\/fiori\/index.php?rest_route=%2Fwp%2Fv2%2Fcomments&post=609"}],"version-history":[{"count":1,"href":"https:\/\/ecole.ac-nice.fr\/carros\/fiori\/index.php?rest_route=\/wp\/v2\/posts\/609\/revisions"}],"predecessor-version":[{"id":614,"href":"https:\/\/ecole.ac-nice.fr\/carros\/fiori\/index.php?rest_route=\/wp\/v2\/posts\/609\/revisions\/614"}],"wp:attachment":[{"href":"https:\/\/ecole.ac-nice.fr\/carros\/fiori\/index.php?rest_route=%2Fwp%2Fv2%2Fmedia&parent=609"}],"wp:term":[{"taxonomy":"category","embeddable":true,"href":"https:\/\/ecole.ac-nice.fr\/carros\/fiori\/index.php?rest_route=%2Fwp%2Fv2%2Fcategories&post=609"},{"taxonomy":"post_tag","embeddable":true,"href":"https:\/\/ecole.ac-nice.fr\/carros\/fiori\/index.php?rest_route=%2Fwp%2Fv2%2Ftags&post=609"}],"curies":[{"name":"wp","href":"https:\/\/api.w.org\/{rel}","templated":true}]}}