{"id":603,"date":"2019-03-08T09:37:19","date_gmt":"2019-03-08T08:37:19","guid":{"rendered":"http:\/\/ecole.ac-nice.fr\/carros\/fiori\/?p=603"},"modified":"2019-07-02T09:44:36","modified_gmt":"2019-07-02T07:44:36","slug":"visite-de-lecole-pour-les-futurs-eleves-de-petite-section","status":"publish","type":"post","link":"https:\/\/ecole.ac-nice.fr\/carros\/fiori\/?p=603","title":{"rendered":"Visite de l&rsquo;\u00e9cole pour les futurs \u00e9l\u00e8ves de Petite Section"},"content":{"rendered":"<p>Les enfants n\u00e9s en 2016 qui auront \u00e9t\u00e9 inscrits en mairie (guichet unique) et aupr\u00e8s du directeur d&rsquo;\u00e9cole sont invit\u00e9s avec leurs parents \u00e0 venir visiter l&rsquo;\u00e9cole Louis Fiori.<\/p>\n<p><a href=\"http:\/\/ecole.ac-nice.fr\/carros\/fiori\/?attachment_id=605\" rel=\"attachment wp-att-605\"><img loading=\"lazy\" decoding=\"async\" class=\"alignnone wp-image-605\" src=\"https:\/\/ecole.ac-nice.fr\/carros\/fiori\/wp-content\/uploads\/sites\/25\/2019\/03\/IMG_0181.jpg\" alt=\"\" width=\"491\" height=\"369\" srcset=\"https:\/\/ecole.ac-nice.fr\/carros\/fiori\/wp-content\/uploads\/sites\/25\/2019\/03\/IMG_0181.jpg 5184w, https:\/\/ecole.ac-nice.fr\/carros\/fiori\/wp-content\/uploads\/sites\/25\/2019\/03\/IMG_0181-300x225.jpg 300w, https:\/\/ecole.ac-nice.fr\/carros\/fiori\/wp-content\/uploads\/sites\/25\/2019\/03\/IMG_0181-768x576.jpg 768w, https:\/\/ecole.ac-nice.fr\/carros\/fiori\/wp-content\/uploads\/sites\/25\/2019\/03\/IMG_0181-1024x768.jpg 1024w\" sizes=\"auto, (max-width: 491px) 100vw, 491px\" \/><\/a><\/p>\n<p>Munis de leur carte d&rsquo;identit\u00e9, les parents pourront accompagner leur enfant afin de d\u00e9couvrir la classe, le dortoir, la cour de r\u00e9cr\u00e9ation, la salle de motricit\u00e9, la cantine et les sanitaires.<\/p>\n<p>L&rsquo;enseignante, Mme Vayssette Corinne, et son Atsem, Mme Ecauvre Ghislaine vous recevront le :<\/p>\n<h6 style=\"text-align: center\"><strong><span style=\"color: #800080\">Mardi 18 juin de 10h30 \u00e0 11h15<\/span><\/strong><\/h6>\n<p>L&rsquo;accueil se fera au portail du haut \u00e0 10h30 pr\u00e9cise.<\/p>\n<p>Bonne visite !<\/p>\n<p><a href=\"http:\/\/ecole.ac-nice.fr\/carros\/fiori\/?attachment_id=604\" rel=\"attachment wp-att-604\"><img loading=\"lazy\" decoding=\"async\" class=\"alignnone size-full wp-image-604\" src=\"https:\/\/ecole.ac-nice.fr\/carros\/fiori\/wp-content\/uploads\/sites\/25\/2019\/03\/IMG_0179.jpg\" alt=\"\" width=\"5184\" height=\"3888\" srcset=\"https:\/\/ecole.ac-nice.fr\/carros\/fiori\/wp-content\/uploads\/sites\/25\/2019\/03\/IMG_0179.jpg 5184w, https:\/\/ecole.ac-nice.fr\/carros\/fiori\/wp-content\/uploads\/sites\/25\/2019\/03\/IMG_0179-300x225.jpg 300w, https:\/\/ecole.ac-nice.fr\/carros\/fiori\/wp-content\/uploads\/sites\/25\/2019\/03\/IMG_0179-768x576.jpg 768w, https:\/\/ecole.ac-nice.fr\/carros\/fiori\/wp-content\/uploads\/sites\/25\/2019\/03\/IMG_0179-1024x768.jpg 1024w\" sizes=\"auto, (max-width: 5184px) 100vw, 5184px\" \/><\/a><\/p>\n","protected":false},"excerpt":{"rendered":"<p>Les enfants n\u00e9s en 2016 qui auront \u00e9t\u00e9 inscrits en mairie (guichet unique) et aupr\u00e8s du directeur d&rsquo;\u00e9cole sont invit\u00e9s avec leurs parents \u00e0 venir visiter l&rsquo;\u00e9cole Louis Fiori. Munis de leur carte d&rsquo;identit\u00e9, les parents pourront accompagner leur enfant afin de d\u00e9couvrir la classe, le dortoir, la cour de r\u00e9cr\u00e9ation, la salle de motricit\u00e9, &hellip; <a href=\"https:\/\/ecole.ac-nice.fr\/carros\/fiori\/?p=603\" class=\"more-link\">Continuer la lecture de <span class=\"screen-reader-text\">Visite de l&rsquo;\u00e9cole pour les futurs \u00e9l\u00e8ves de Petite Section<\/span> <span class=\"meta-nav\">&rarr;<\/span><\/a><\/p>\n","protected":false},"author":29,"featured_media":0,"comment_status":"closed","ping_status":"closed","sticky":false,"template":"","format":"chat","meta":{"footnotes":""},"categories":[1],"tags":[],"class_list":["post-603","post","type-post","status-publish","format-chat","hentry","category-actualites-diverses","post_format-post-format-chat"],"_links":{"self":[{"href":"https:\/\/ecole.ac-nice.fr\/carros\/fiori\/index.php?rest_route=\/wp\/v2\/posts\/603","targetHints":{"allow":["GET"]}}],"collection":[{"href":"https:\/\/ecole.ac-nice.fr\/carros\/fiori\/index.php?rest_route=\/wp\/v2\/posts"}],"about":[{"href":"https:\/\/ecole.ac-nice.fr\/carros\/fiori\/index.php?rest_route=\/wp\/v2\/types\/post"}],"author":[{"embeddable":true,"href":"https:\/\/ecole.ac-nice.fr\/carros\/fiori\/index.php?rest_route=\/wp\/v2\/users\/29"}],"replies":[{"embeddable":true,"href":"https:\/\/ecole.ac-nice.fr\/carros\/fiori\/index.php?rest_route=%2Fwp%2Fv2%2Fcomments&post=603"}],"version-history":[{"count":1,"href":"https:\/\/ecole.ac-nice.fr\/carros\/fiori\/index.php?rest_route=\/wp\/v2\/posts\/603\/revisions"}],"predecessor-version":[{"id":606,"href":"https:\/\/ecole.ac-nice.fr\/carros\/fiori\/index.php?rest_route=\/wp\/v2\/posts\/603\/revisions\/606"}],"wp:attachment":[{"href":"https:\/\/ecole.ac-nice.fr\/carros\/fiori\/index.php?rest_route=%2Fwp%2Fv2%2Fmedia&parent=603"}],"wp:term":[{"taxonomy":"category","embeddable":true,"href":"https:\/\/ecole.ac-nice.fr\/carros\/fiori\/index.php?rest_route=%2Fwp%2Fv2%2Fcategories&post=603"},{"taxonomy":"post_tag","embeddable":true,"href":"https:\/\/ecole.ac-nice.fr\/carros\/fiori\/index.php?rest_route=%2Fwp%2Fv2%2Ftags&post=603"}],"curies":[{"name":"wp","href":"https:\/\/api.w.org\/{rel}","templated":true}]}}