{"id":596,"date":"2019-03-01T16:41:09","date_gmt":"2019-03-01T15:41:09","guid":{"rendered":"http:\/\/ecole.ac-nice.fr\/carros\/fiori\/?p=596"},"modified":"2019-03-01T16:41:09","modified_gmt":"2019-03-01T15:41:09","slug":"conseil-des-eleves-2018-2019","status":"publish","type":"post","link":"https:\/\/ecole.ac-nice.fr\/carros\/fiori\/?p=596","title":{"rendered":"Conseil des \u00e9l\u00e8ves 2018-2019"},"content":{"rendered":"<h3 style=\"text-align: center\">Conseil des \u00e9l\u00e8ves du 1er mars 2019<\/h3>\n<p><strong><span style=\"color: #800080\">Propositions des \u00e9l\u00e8ves de CP<\/span><\/strong><\/p>\n<p><span style=\"color: #800080\">Les CP aimeraient :<\/span><br \/>\n<span style=\"color: #800080\">&#8211; plus de jouets dans la cour.<\/span><br \/>\n<span style=\"color: #800080\">&#8211; des poup\u00e9es<\/span><br \/>\n<span style=\"color: #800080\">&#8211; des playmobils<\/span><br \/>\n<span style=\"color: #800080\">&#8211; des v\u00e9los<\/span><\/p>\n<p><strong><span style=\"color: #800080\">R\u00e9ponse du conseil :<\/span><\/strong><br \/>\n<span style=\"color: #800080\">Pour les jouets, la caisse du p\u00e9riscolaire pourra \u00eatre utilis\u00e9e sur le temps scolaire. Une commande sera faite pour les autres demandes et un mot sera fait aux familles pour une collecte.<\/span><\/p>\n<p><strong><span style=\"color: #99cc00\">Propositions des \u00e9l\u00e8ves de CE1-CE2<\/span><\/strong><\/p>\n<p><span style=\"color: #99cc00\">SCOLAIRE<\/span><br \/>\n<span style=\"color: #99cc00\">\uf0e8 Plus de sorties<\/span><br \/>\n<span style=\"color: #99cc00\">\uf0e8 Trier les d\u00e9chets \u00e0 l\u2019\u00e9cole, avoir des containers plastiques, papier dans l\u2019\u00e9cole<\/span><br \/>\n<span style=\"color: #99cc00\">\uf0e8 Refaire le sol de la cour<\/span><br \/>\n<span style=\"color: #99cc00\">\uf0e8 Installer une structure type toboggan, trampoline pour les plus grands dans la cour<\/span><br \/>\n<span style=\"color: #99cc00\">\uf0e8 Cacher les toilettes des gar\u00e7ons<\/span><\/p>\n<p><span style=\"color: #99cc00\">PERISCOLAIRE<\/span><br \/>\n<span style=\"color: #99cc00\">\uf0f0 Plus d\u2019activit\u00e9 sportives le midi pour que les plus jeunes puissent en profiter (CP \u00e0 CE2 passent souvent apr\u00e8s les CM)<\/span><br \/>\n<span style=\"color: #99cc00\">\uf0f0 Avoir un lieu sp\u00e9cifique pour jouer aux jeux de soci\u00e9t\u00e9 afin d\u2019\u00e9viter que les jeux ne perdent des pi\u00e8ces<\/span><br \/>\n<span style=\"color: #99cc00\">\uf0f0 Racheter des feutres<\/span><\/p>\n<p><strong><span style=\"color: #99cc00\">R\u00e9ponse du conseil :<\/span><\/strong><br \/>\n<span style=\"color: #99cc00\">Les sorties r\u00e9pondent \u00e0 des besoins p\u00e9dagogiques et sont limit\u00e9es aussi pour des questions financi\u00e8res, il n\u2019est donc pas envisag\u00e9 d\u2019en faire plus.<\/span><br \/>\n<span style=\"color: #99cc00\">Pour le tri, deux containers sont pr\u00e9vus par la mairie. Date demand\u00e9e en Conseil d\u2019\u00e9cole<\/span><br \/>\n<span style=\"color: #99cc00\">Le sol de la cour fait parti des gros travaux pr\u00e9vus par la mairie. Date demand\u00e9e en Conseil d\u2019\u00e9cole.<\/span><br \/>\n<span style=\"color: #99cc00\">Une structure pose des probl\u00e8mes de s\u00e9curit\u00e9 et d\u2019espace dans la cour et n\u2019est donc pas envisageable. Les enfants pourront profiter de sorties au jardin d\u2019enfants du village avec le p\u00e9riscolaire.<\/span><br \/>\n<span style=\"color: #99cc00\">Cacher les toilettes des gar\u00e7ons sera une demande faite en conseil d\u2019\u00e9cole.<\/span><br \/>\n<span style=\"color: #99cc00\">Un jour sera consacr\u00e9 aux CP-CE1 pour les activit\u00e9s sportives sur le temps de cantine.<\/span><br \/>\n<span style=\"color: #99cc00\">Des malles de transports seront pr\u00e9vues pour les jeux de soci\u00e9t\u00e9 et la classe de CM2 servira de lieu pour y jouer sur le temps p\u00e9riscolaire.<\/span><\/p>\n<p><strong><span style=\"color: #ffff00\">Propositions des \u00e9l\u00e8ves de CE2-CM1<\/span><\/strong><\/p>\n<p><span style=\"color: #ffff00\">TEMPS SCOLAIRE :<\/span><br \/>\n<span style=\"color: #ffff00\">&#8211; Exploiter le coin interdit de la cour de r\u00e9cr\u00e9ation<\/span><br \/>\n<span style=\"color: #ffff00\">&#8211; Remettre les go\u00fbters durant la r\u00e9cr\u00e9ation du matin<\/span><br \/>\n<span style=\"color: #ffff00\">&#8211; Mettre une porte ou un cache devant les toilettes des gar\u00e7ons sous le pr\u00e9au et faire de m\u00eame pour les filles car il fait froid l\u2019hiver dans ces toilettes et parfois il pleut dedans<\/span><br \/>\n<span style=\"color: #ffff00\">&#8211; Installer une structure pour les grands (CP aux CM) comme les maternelles ont dans la cour<\/span><br \/>\n<span style=\"color: #ffff00\">&#8211; Plus de savon et de \u00ab papier \u00bb pour s\u2019essuyer les mains au niveau des toilettes du pr\u00e9au<\/span><\/p>\n<p><span style=\"color: #ffff00\">PERI-SCOLAIRE :<\/span><br \/>\n<span style=\"color: #ffff00\">&#8211; Les plats de la cantine manquent de sel.<\/span><br \/>\n<span style=\"color: #ffff00\">&#8211; Remettre en place les jetons de couleur pour donner son avis sur les plats de la cantine (d\u00e9j\u00e0 mis en place il y a quelques ann\u00e9es)<\/span><br \/>\n<span style=\"color: #ffff00\">&#8211; Avoir une entr\u00e9e tous les jours et plus de rations suppl\u00e9mentaires<\/span><br \/>\n<span style=\"color: #ffff00\">&#8211; Les toilettes (pr\u00e9au et entre les classes) sont souvent tr\u00e8s sales (papier par terre, urine) et \u00e7a sent mauvais. Que peut-on faire ?<\/span><\/p>\n<p><strong><span style=\"color: #ffff00\">R\u00e9ponse du conseil :<\/span><\/strong><br \/>\n<span style=\"color: #ffff00\">Le coin interdit va servir tr\u00e8s prochainement de carr\u00e9 potager.<\/span><br \/>\n<span style=\"color: #ffff00\">La collation du matin est un point qui sera abord\u00e9 en conseil d\u2019\u00e9cole.<\/span><br \/>\n<span style=\"color: #ffff00\">L\u2019ouverture dans les toilettes des filles fera l\u2019objet d\u2019une demande de travaux.<\/span><br \/>\n<span style=\"color: #ffff00\">Le personnel mairie sera inform\u00e9 du manque de papier et de savon.<\/span><br \/>\n<span style=\"color: #ffff00\">L\u2019ajout de sel et une entr\u00e9e \u00e0 chaque repas sont des demandes refus\u00e9es par la commission des menus.<\/span><br \/>\n<span style=\"color: #ffff00\">L\u2019\u00e9valuation des repas par les enfants sera remise en place au moyen d\u2019un tableau de satisfaction.<\/span><\/p>\n<p><strong><span style=\"color: #000080\">Propositions des \u00e9l\u00e8ves de CM2<\/span><\/strong><\/p>\n<p><span style=\"color: #000080\">Temps scolaire :<\/span><br \/>\n<span style=\"color: #000080\">R\u00e9cup\u00e9ration des ballons sur le toit avant les vacances<\/span><br \/>\n<span style=\"color: #000080\">R\u00e9cr\u00e9ation sur le microsite (1 fois\/semaine)<\/span><br \/>\n<span style=\"color: #000080\">Plus d\u2019ordinateurs portables et de tablettes<\/span><br \/>\n<span style=\"color: #000080\">Randonn\u00e9es avec nettoyage du chemin<\/span><br \/>\n<span style=\"color: #000080\">Espace consacr\u00e9 aux Lego personnels dans la cour<\/span><br \/>\n<span style=\"color: #000080\">Temps p\u00e9riscolaire :<\/span><br \/>\n<span style=\"color: #000080\">Mayonnaise\/ketchup \u00e0 certains repas + 1 bon repas pour chaque f\u00eate (No\u00ebl, P\u00e2ques, f\u00eate de la musique)<\/span><br \/>\n<span style=\"color: #000080\">Atelier cour de dessin avec Elise<\/span><br \/>\n<span style=\"color: #000080\">Grande bataille d\u2019eau \u00e0 la fin de l\u2019ann\u00e9e<\/span><\/p>\n<p><span style=\"color: #000080\">Travaux :<\/span><br \/>\n<span style=\"color: #000080\">Pare-vue toilettes gar\u00e7ons<\/span><br \/>\n<span style=\"color: #000080\">R\u00e9parer le sol de la cour<\/span><\/p>\n<p><strong><span style=\"color: #000080\">R\u00e9ponse du conseil :<\/span><\/strong><br \/>\n<span style=\"color: #000080\">Les services techniques seront inform\u00e9s de la demande concernant les ballons sur le toit.<\/span><br \/>\n<span style=\"color: #000080\">L\u2019acc\u00e8s au microsite en r\u00e9cr\u00e9ation semble difficile pour des questions de temps. Il sera envisag\u00e9 occasionnellement et surtout en fin d\u2019ann\u00e9e.<\/span><br \/>\n<span style=\"color: #000080\">L\u2019achat d\u2019ordinateurs portables fera l\u2019objet d\u2019un investissement de l\u2019\u00e9cole au moyen de l\u2019OCCE.<\/span><br \/>\n<span style=\"color: #000080\">Les randonn\u00e9es sont pr\u00e9vues pour la derni\u00e8re p\u00e9riode de l\u2019ann\u00e9e.<\/span><br \/>\n<span style=\"color: #000080\">Les l\u00e9gos personnels restent interdits suite aux divers litiges entre enfants. Par contre, il sera demand\u00e9 aux CM la raison du manque d\u2019int\u00e9r\u00eat pour ceux qui ont \u00e9t\u00e9 achet\u00e9s par l\u2019\u00e9cole.<\/span><br \/>\n<span style=\"color: #000080\">L\u2019atelier \u00ab cour \u00bb de dessin est en r\u00e9flexion.<\/span><br \/>\n<span style=\"color: #000080\">La bataille d\u2019eau est pr\u00e9vue lors de la Kermesse par l\u2019Association.<\/span><\/p>\n","protected":false},"excerpt":{"rendered":"<p>Conseil des \u00e9l\u00e8ves du 1er mars 2019 Propositions des \u00e9l\u00e8ves de CP Les CP aimeraient : &#8211; plus de jouets dans la cour. &#8211; des poup\u00e9es &#8211; des playmobils &#8211; des v\u00e9los R\u00e9ponse du conseil : Pour les jouets, la caisse du p\u00e9riscolaire pourra \u00eatre utilis\u00e9e sur le temps scolaire. Une commande sera faite pour &hellip; <a href=\"https:\/\/ecole.ac-nice.fr\/carros\/fiori\/?p=596\" class=\"more-link\">Continuer la lecture de <span class=\"screen-reader-text\">Conseil des \u00e9l\u00e8ves 2018-2019<\/span> <span class=\"meta-nav\">&rarr;<\/span><\/a><\/p>\n","protected":false},"author":29,"featured_media":0,"comment_status":"closed","ping_status":"open","sticky":false,"template":"","format":"video","meta":{"footnotes":""},"categories":[1],"tags":[],"class_list":["post-596","post","type-post","status-publish","format-video","hentry","category-actualites-diverses","post_format-post-format-video"],"_links":{"self":[{"href":"https:\/\/ecole.ac-nice.fr\/carros\/fiori\/index.php?rest_route=\/wp\/v2\/posts\/596","targetHints":{"allow":["GET"]}}],"collection":[{"href":"https:\/\/ecole.ac-nice.fr\/carros\/fiori\/index.php?rest_route=\/wp\/v2\/posts"}],"about":[{"href":"https:\/\/ecole.ac-nice.fr\/carros\/fiori\/index.php?rest_route=\/wp\/v2\/types\/post"}],"author":[{"embeddable":true,"href":"https:\/\/ecole.ac-nice.fr\/carros\/fiori\/index.php?rest_route=\/wp\/v2\/users\/29"}],"replies":[{"embeddable":true,"href":"https:\/\/ecole.ac-nice.fr\/carros\/fiori\/index.php?rest_route=%2Fwp%2Fv2%2Fcomments&post=596"}],"version-history":[{"count":1,"href":"https:\/\/ecole.ac-nice.fr\/carros\/fiori\/index.php?rest_route=\/wp\/v2\/posts\/596\/revisions"}],"predecessor-version":[{"id":597,"href":"https:\/\/ecole.ac-nice.fr\/carros\/fiori\/index.php?rest_route=\/wp\/v2\/posts\/596\/revisions\/597"}],"wp:attachment":[{"href":"https:\/\/ecole.ac-nice.fr\/carros\/fiori\/index.php?rest_route=%2Fwp%2Fv2%2Fmedia&parent=596"}],"wp:term":[{"taxonomy":"category","embeddable":true,"href":"https:\/\/ecole.ac-nice.fr\/carros\/fiori\/index.php?rest_route=%2Fwp%2Fv2%2Fcategories&post=596"},{"taxonomy":"post_tag","embeddable":true,"href":"https:\/\/ecole.ac-nice.fr\/carros\/fiori\/index.php?rest_route=%2Fwp%2Fv2%2Ftags&post=596"}],"curies":[{"name":"wp","href":"https:\/\/api.w.org\/{rel}","templated":true}]}}