{"id":592,"date":"2019-02-26T17:51:35","date_gmt":"2019-02-26T16:51:35","guid":{"rendered":"http:\/\/ecole.ac-nice.fr\/carros\/fiori\/?p=592"},"modified":"2019-02-26T17:51:35","modified_gmt":"2019-02-26T16:51:35","slug":"spectacle-kaleidoplastique-quizz","status":"publish","type":"post","link":"https:\/\/ecole.ac-nice.fr\/carros\/fiori\/?p=592","title":{"rendered":"Spectacle Kal\u00e9\u00efdoplastique Quizz"},"content":{"rendered":"<div class=\"fusion-layout-column fusion_builder_column fusion_builder_column_1_1  fusion-one-full fusion-column-first fusion-column-last 1_1\">\n<div class=\"fusion-column-wrapper\" data-bg-url=\"\">\n<div class=\"fusion-text\">\n<p style=\"text-align: center\"><strong><span style=\"color: #800080\">VENDREDI 08 MARS de 14h30 \u00e0 15h20\u00a0<\/span><\/strong><\/p>\n<p style=\"text-align: center\"><strong><span style=\"color: #800080\"> Classes de CE2-CM1 et CM2<\/span><\/strong><\/p>\n<\/div>\n<div class=\"fusion-clearfix\">\n<a href=\"http:\/\/ecole.ac-nice.fr\/carros\/fiori\/?attachment_id=593\" rel=\"attachment wp-att-593\"><img loading=\"lazy\" decoding=\"async\" class=\"wp-image-593 aligncenter\" src=\"https:\/\/ecole.ac-nice.fr\/carros\/fiori\/wp-content\/uploads\/sites\/25\/2019\/02\/kal\u00e9idoplastique_quizzcnathalie_sternalski.jpg\" alt=\"\" width=\"491\" height=\"491\" srcset=\"https:\/\/ecole.ac-nice.fr\/carros\/fiori\/wp-content\/uploads\/sites\/25\/2019\/02\/kal\u00e9idoplastique_quizzcnathalie_sternalski.jpg 1000w, https:\/\/ecole.ac-nice.fr\/carros\/fiori\/wp-content\/uploads\/sites\/25\/2019\/02\/kal\u00e9idoplastique_quizzcnathalie_sternalski-150x150.jpg 150w, https:\/\/ecole.ac-nice.fr\/carros\/fiori\/wp-content\/uploads\/sites\/25\/2019\/02\/kal\u00e9idoplastique_quizzcnathalie_sternalski-300x300.jpg 300w, https:\/\/ecole.ac-nice.fr\/carros\/fiori\/wp-content\/uploads\/sites\/25\/2019\/02\/kal\u00e9idoplastique_quizzcnathalie_sternalski-768x768.jpg 768w\" sizes=\"auto, (max-width: 491px) 100vw, 491px\" \/><\/a><\/div>\n<\/div>\n<\/div>\n<div class=\"fusion-layout-column fusion_builder_column fusion_builder_column_1_2  fusion-one-half fusion-column-first fusion-animated 1_2\" data-animationtype=\"fadeInDown\" data-animationduration=\"0.5\" data-animationoffset=\"100%\">\n<div class=\"fusion-column-wrapper\" data-bg-url=\"\">\n<div class=\"fusion-column-content-centered\">\n<div class=\"fusion-column-content\">\n<div id=\"txtcolor-saison\" class=\"fusion-text\">\n<div class=\"su-expand su-expand-link-style-default\" data-height=\"180\">\n<div class=\"su-expand-content\"><strong>Le grand jeu dans\u00e9 de l\u2019Histoire de l\u2019art\u00a0!<\/strong>La compagnie Reve\u00efda propose aux enfants de se pr\u00eater \u00e0 un quizz interactif pour tester et enrichir leurs connaissances sur l\u2019Histoire de l\u2019art. Comme \u00e0 la t\u00e9l\u00e9, un animateur haut en couleur fixe les r\u00e8gles du jeu tandis que deux danseurs recr\u00e9ent, de mani\u00e8re ludique et po\u00e9tique, de grandes \u0153uvres de notre patrimoine commun. <a href=\"http:\/\/ecole.ac-nice.fr\/carros\/fiori\/?attachment_id=594\" rel=\"attachment wp-att-594\"><img loading=\"lazy\" decoding=\"async\" class=\"wp-image-594 alignright\" src=\"https:\/\/ecole.ac-nice.fr\/carros\/fiori\/wp-content\/uploads\/sites\/25\/2019\/02\/Photographie-Reve\u00efda-Le-Kal\u00e9idoplastique-Quizz-c-Frederic-de-Faveerney-2.jpg\" alt=\"\" width=\"276\" height=\"276\" srcset=\"https:\/\/ecole.ac-nice.fr\/carros\/fiori\/wp-content\/uploads\/sites\/25\/2019\/02\/Photographie-Reve\u00efda-Le-Kal\u00e9idoplastique-Quizz-c-Frederic-de-Faveerney-2.jpg 960w, https:\/\/ecole.ac-nice.fr\/carros\/fiori\/wp-content\/uploads\/sites\/25\/2019\/02\/Photographie-Reve\u00efda-Le-Kal\u00e9idoplastique-Quizz-c-Frederic-de-Faveerney-2-150x150.jpg 150w, https:\/\/ecole.ac-nice.fr\/carros\/fiori\/wp-content\/uploads\/sites\/25\/2019\/02\/Photographie-Reve\u00efda-Le-Kal\u00e9idoplastique-Quizz-c-Frederic-de-Faveerney-2-300x300.jpg 300w, https:\/\/ecole.ac-nice.fr\/carros\/fiori\/wp-content\/uploads\/sites\/25\/2019\/02\/Photographie-Reve\u00efda-Le-Kal\u00e9idoplastique-Quizz-c-Frederic-de-Faveerney-2-768x768.jpg 768w\" sizes=\"auto, (max-width: 276px) 100vw, 276px\" \/><\/a>Le but du spectacle\u00a0: r\u00e9ussir \u00e0 faire co\u00efncider les tableaux dans\u00e9s et les \u0153uvres pr\u00e9sent\u00e9es dans un fascicule allant de la grotte de Lascaux \u00e0 Mondrian en passant par Bosch ou Rapha\u00ebl\u2026 Comment danser le nombre d\u2019or, s\u2019attarder sur la mati\u00e8re, aborder le concept ou la beaut\u00e9, donner \u00e0 voir des ready-made dans\u00e9s\u00a0? Voil\u00e0 le pari fou de ce spectacle qui n\u2019est qu\u2019un pr\u00e9texte \u00e0 faire \u00e9merger le go\u00fbt, l\u2019opinion, la subjectivit\u00e9. Pour que chacun s\u2019amuse d\u2019abord avant d\u2019\u00eatre surpris d\u2019avoir appris quelque chose\u00a0!<\/p>\n<\/div>\n<\/div>\n<\/div>\n<\/div>\n<\/div>\n<\/div>\n<\/div>\n","protected":false},"excerpt":{"rendered":"<p>VENDREDI 08 MARS de 14h30 \u00e0 15h20\u00a0 Classes de CE2-CM1 et CM2 Le grand jeu dans\u00e9 de l\u2019Histoire de l\u2019art\u00a0!La compagnie Reve\u00efda propose aux enfants de se pr\u00eater \u00e0 un quizz interactif pour tester et enrichir leurs connaissances sur l\u2019Histoire de l\u2019art. Comme \u00e0 la t\u00e9l\u00e9, un animateur haut en couleur fixe les r\u00e8gles du &hellip; <a href=\"https:\/\/ecole.ac-nice.fr\/carros\/fiori\/?p=592\" class=\"more-link\">Continuer la lecture de <span class=\"screen-reader-text\">Spectacle Kal\u00e9\u00efdoplastique Quizz<\/span> <span class=\"meta-nav\">&rarr;<\/span><\/a><\/p>\n","protected":false},"author":29,"featured_media":0,"comment_status":"closed","ping_status":"open","sticky":false,"template":"","format":"link","meta":{"footnotes":""},"categories":[1],"tags":[],"class_list":["post-592","post","type-post","status-publish","format-link","hentry","category-actualites-diverses","post_format-post-format-link"],"_links":{"self":[{"href":"https:\/\/ecole.ac-nice.fr\/carros\/fiori\/index.php?rest_route=\/wp\/v2\/posts\/592","targetHints":{"allow":["GET"]}}],"collection":[{"href":"https:\/\/ecole.ac-nice.fr\/carros\/fiori\/index.php?rest_route=\/wp\/v2\/posts"}],"about":[{"href":"https:\/\/ecole.ac-nice.fr\/carros\/fiori\/index.php?rest_route=\/wp\/v2\/types\/post"}],"author":[{"embeddable":true,"href":"https:\/\/ecole.ac-nice.fr\/carros\/fiori\/index.php?rest_route=\/wp\/v2\/users\/29"}],"replies":[{"embeddable":true,"href":"https:\/\/ecole.ac-nice.fr\/carros\/fiori\/index.php?rest_route=%2Fwp%2Fv2%2Fcomments&post=592"}],"version-history":[{"count":1,"href":"https:\/\/ecole.ac-nice.fr\/carros\/fiori\/index.php?rest_route=\/wp\/v2\/posts\/592\/revisions"}],"predecessor-version":[{"id":595,"href":"https:\/\/ecole.ac-nice.fr\/carros\/fiori\/index.php?rest_route=\/wp\/v2\/posts\/592\/revisions\/595"}],"wp:attachment":[{"href":"https:\/\/ecole.ac-nice.fr\/carros\/fiori\/index.php?rest_route=%2Fwp%2Fv2%2Fmedia&parent=592"}],"wp:term":[{"taxonomy":"category","embeddable":true,"href":"https:\/\/ecole.ac-nice.fr\/carros\/fiori\/index.php?rest_route=%2Fwp%2Fv2%2Fcategories&post=592"},{"taxonomy":"post_tag","embeddable":true,"href":"https:\/\/ecole.ac-nice.fr\/carros\/fiori\/index.php?rest_route=%2Fwp%2Fv2%2Ftags&post=592"}],"curies":[{"name":"wp","href":"https:\/\/api.w.org\/{rel}","templated":true}]}}