{"id":589,"date":"2019-02-26T17:41:49","date_gmt":"2019-02-26T16:41:49","guid":{"rendered":"http:\/\/ecole.ac-nice.fr\/carros\/fiori\/?p=589"},"modified":"2019-03-15T10:59:57","modified_gmt":"2019-03-15T09:59:57","slug":"visites-et-ateliers-creatifs-au-ciac","status":"publish","type":"post","link":"https:\/\/ecole.ac-nice.fr\/carros\/fiori\/?p=589","title":{"rendered":"Visites et ateliers cr\u00e9atifs au CIAC"},"content":{"rendered":"<p style=\"text-align: center\"><span style=\"color: #0000ff\"><strong>Comment bien observer un silence ?<\/strong><\/span><\/p>\n<p>D\u00e9couverte des \u0153uvres d\u2019Alexandre Capan, G\u00e9rald Folt\u00eate, Alain De Fombelle, St\u00e9phanie Hamel-Grain, Ursus Bjarne Jehn, Ludovic Lignon, Bernard Pourri\u00e8re, Rach\u00e8le Rivi\u00e8re, Sevek et Isabelle Sordage + installations des \u00e9l\u00e8ves des \u00e9coles Jean Moulin, Laurent Spinelli, Boris Vian et Louis Fiori et du coll\u00e8ge Paul-Langevin r\u00e9alis\u00e9es avec les interventions des artistes St\u00e9phanie Hamel Grain et Isabelle Sordage (100 % EAC).<\/p>\n<p><span style=\"color: #0000ff\"><strong>Principe :\u00a0<\/strong><\/span><\/p>\n<p>Ni monstration d\u2019art sonore, ni repr\u00e9sentation de la musique en peinture, cette proposition vise \u00e0 mettre en \u00e9vidence la mani\u00e8re dont le travail de certains artistes plasticiens est, dans sa substance m\u00eame, suscit\u00e9 par les formes, structures, \u00e9motions, propres au ph\u00e9nom\u00e8ne acoustique. De la sismographie \u00e9motionnelle de tableaux n\u00e9s des vibrations des concerts, jusqu&rsquo;\u00e0 la pr\u00e9sence parfois insaisissable de sons traduisant le premier mouvement de l\u2019immobile, il s\u2019agit de susciter une r\u00e9flexion plus g\u00e9n\u00e9rale sur les liens entre le sonore et le visuel dans le champ de la cr\u00e9ation contemporaine.<\/p>\n<p style=\"text-align: center\"><strong><span style=\"color: #0000ff\">Dates des d\u00e9placements pour les \u00e9l\u00e8ves de l&rsquo;\u00e9cole Louis Fiori :<a href=\"http:\/\/ecole.ac-nice.fr\/carros\/fiori\/?attachment_id=590\" rel=\"attachment wp-att-590\"><img loading=\"lazy\" decoding=\"async\" class=\"alignnone size-full wp-image-590\" src=\"https:\/\/ecole.ac-nice.fr\/carros\/fiori\/wp-content\/uploads\/sites\/25\/2019\/02\/chateau-carros.jpg\" alt=\"\" width=\"240\" height=\"160\" \/><\/a><br \/>\n<\/span><\/strong><\/p>\n<p style=\"text-align: center\"><span style=\"color: #000000\">1er mars de 14h15 \u00e0 16h : CM2<br \/>\n<\/span><\/p>\n<p style=\"text-align: center\"><span style=\"color: #000000\">5 mars de 14h15 \u00e0 16h : CE1-CE2<\/span><\/p>\n<p style=\"text-align: center\">12 mars de 14h15 \u00e0 16h : CP<\/p>\n<p style=\"text-align: center\">28 mars de 14h15 \u00e0 16h : CE2-CM1<\/p>\n<p style=\"text-align: center\">14 mai de 9h30 \u00e0 11h30 : MS-GS<\/p>\n<p style=\"text-align: center\">16 mai de 9h30 \u00e0 11h30 : PS-MS<\/p>\n<p style=\"text-align: right\">\n","protected":false},"excerpt":{"rendered":"<p>Comment bien observer un silence ? D\u00e9couverte des \u0153uvres d\u2019Alexandre Capan, G\u00e9rald Folt\u00eate, Alain De Fombelle, St\u00e9phanie Hamel-Grain, Ursus Bjarne Jehn, Ludovic Lignon, Bernard Pourri\u00e8re, Rach\u00e8le Rivi\u00e8re, Sevek et Isabelle Sordage + installations des \u00e9l\u00e8ves des \u00e9coles Jean Moulin, Laurent Spinelli, Boris Vian et Louis Fiori et du coll\u00e8ge Paul-Langevin r\u00e9alis\u00e9es avec les interventions des &hellip; <a href=\"https:\/\/ecole.ac-nice.fr\/carros\/fiori\/?p=589\" class=\"more-link\">Continuer la lecture de <span class=\"screen-reader-text\">Visites et ateliers cr\u00e9atifs au CIAC<\/span> <span class=\"meta-nav\">&rarr;<\/span><\/a><\/p>\n","protected":false},"author":29,"featured_media":0,"comment_status":"closed","ping_status":"open","sticky":false,"template":"","format":"chat","meta":{"footnotes":""},"categories":[1],"tags":[],"class_list":["post-589","post","type-post","status-publish","format-chat","hentry","category-actualites-diverses","post_format-post-format-chat"],"_links":{"self":[{"href":"https:\/\/ecole.ac-nice.fr\/carros\/fiori\/index.php?rest_route=\/wp\/v2\/posts\/589","targetHints":{"allow":["GET"]}}],"collection":[{"href":"https:\/\/ecole.ac-nice.fr\/carros\/fiori\/index.php?rest_route=\/wp\/v2\/posts"}],"about":[{"href":"https:\/\/ecole.ac-nice.fr\/carros\/fiori\/index.php?rest_route=\/wp\/v2\/types\/post"}],"author":[{"embeddable":true,"href":"https:\/\/ecole.ac-nice.fr\/carros\/fiori\/index.php?rest_route=\/wp\/v2\/users\/29"}],"replies":[{"embeddable":true,"href":"https:\/\/ecole.ac-nice.fr\/carros\/fiori\/index.php?rest_route=%2Fwp%2Fv2%2Fcomments&post=589"}],"version-history":[{"count":2,"href":"https:\/\/ecole.ac-nice.fr\/carros\/fiori\/index.php?rest_route=\/wp\/v2\/posts\/589\/revisions"}],"predecessor-version":[{"id":626,"href":"https:\/\/ecole.ac-nice.fr\/carros\/fiori\/index.php?rest_route=\/wp\/v2\/posts\/589\/revisions\/626"}],"wp:attachment":[{"href":"https:\/\/ecole.ac-nice.fr\/carros\/fiori\/index.php?rest_route=%2Fwp%2Fv2%2Fmedia&parent=589"}],"wp:term":[{"taxonomy":"category","embeddable":true,"href":"https:\/\/ecole.ac-nice.fr\/carros\/fiori\/index.php?rest_route=%2Fwp%2Fv2%2Fcategories&post=589"},{"taxonomy":"post_tag","embeddable":true,"href":"https:\/\/ecole.ac-nice.fr\/carros\/fiori\/index.php?rest_route=%2Fwp%2Fv2%2Ftags&post=589"}],"curies":[{"name":"wp","href":"https:\/\/api.w.org\/{rel}","templated":true}]}}