{"id":571,"date":"2019-02-01T10:04:06","date_gmt":"2019-02-01T09:04:06","guid":{"rendered":"http:\/\/ecole.ac-nice.fr\/carros\/fiori\/?p=571"},"modified":"2019-02-01T10:04:06","modified_gmt":"2019-02-01T09:04:06","slug":"elections-des-delegues-de-classe","status":"publish","type":"post","link":"https:\/\/ecole.ac-nice.fr\/carros\/fiori\/?p=571","title":{"rendered":"Elections des d\u00e9l\u00e9gu\u00e9s de classe"},"content":{"rendered":"<p>La semaine des \u00e9lections des d\u00e9l\u00e9gu\u00e9s des classes de l&rsquo;\u00e9l\u00e9mentaire est termin\u00e9e.<\/p>\n<p>Chaque classe a proc\u00e9d\u00e9 \u00e0 l&rsquo;\u00e9lection de deux d\u00e9l\u00e9gu\u00e9s qui pr\u00e9senteront leurs projets pour am\u00e9liorer le climat scolaire, embellir leur \u00e9cole, enrichir les activit\u00e9s scolaires, p\u00e9riscolaires et extrascolaire&#8230;<\/p>\n<p>Cette pr\u00e9sentation se fera le <strong>vendredi 1er mars<\/strong> de 12h45 \u00e0 13h45 dans la classe de CM2 devant les repr\u00e9sentants des parents d&rsquo;\u00e9l\u00e8ves, l&rsquo;association de l&rsquo;\u00e9cole, les repr\u00e9sentants de la mairie, les enseignants et le directeur.<\/p>\n","protected":false},"excerpt":{"rendered":"<p>La semaine des \u00e9lections des d\u00e9l\u00e9gu\u00e9s des classes de l&rsquo;\u00e9l\u00e9mentaire est termin\u00e9e. Chaque classe a proc\u00e9d\u00e9 \u00e0 l&rsquo;\u00e9lection de deux d\u00e9l\u00e9gu\u00e9s qui pr\u00e9senteront leurs projets pour am\u00e9liorer le climat scolaire, embellir leur \u00e9cole, enrichir les activit\u00e9s scolaires, p\u00e9riscolaires et extrascolaire&#8230; Cette pr\u00e9sentation se fera le vendredi 1er mars de 12h45 \u00e0 13h45 dans la classe &hellip; <a href=\"https:\/\/ecole.ac-nice.fr\/carros\/fiori\/?p=571\" class=\"more-link\">Continuer la lecture de <span class=\"screen-reader-text\">Elections des d\u00e9l\u00e9gu\u00e9s de classe<\/span> <span class=\"meta-nav\">&rarr;<\/span><\/a><\/p>\n","protected":false},"author":29,"featured_media":0,"comment_status":"closed","ping_status":"open","sticky":false,"template":"","format":"gallery","meta":{"footnotes":""},"categories":[1],"tags":[],"class_list":["post-571","post","type-post","status-publish","format-gallery","hentry","category-actualites-diverses","post_format-post-format-gallery"],"_links":{"self":[{"href":"https:\/\/ecole.ac-nice.fr\/carros\/fiori\/index.php?rest_route=\/wp\/v2\/posts\/571","targetHints":{"allow":["GET"]}}],"collection":[{"href":"https:\/\/ecole.ac-nice.fr\/carros\/fiori\/index.php?rest_route=\/wp\/v2\/posts"}],"about":[{"href":"https:\/\/ecole.ac-nice.fr\/carros\/fiori\/index.php?rest_route=\/wp\/v2\/types\/post"}],"author":[{"embeddable":true,"href":"https:\/\/ecole.ac-nice.fr\/carros\/fiori\/index.php?rest_route=\/wp\/v2\/users\/29"}],"replies":[{"embeddable":true,"href":"https:\/\/ecole.ac-nice.fr\/carros\/fiori\/index.php?rest_route=%2Fwp%2Fv2%2Fcomments&post=571"}],"version-history":[{"count":1,"href":"https:\/\/ecole.ac-nice.fr\/carros\/fiori\/index.php?rest_route=\/wp\/v2\/posts\/571\/revisions"}],"predecessor-version":[{"id":572,"href":"https:\/\/ecole.ac-nice.fr\/carros\/fiori\/index.php?rest_route=\/wp\/v2\/posts\/571\/revisions\/572"}],"wp:attachment":[{"href":"https:\/\/ecole.ac-nice.fr\/carros\/fiori\/index.php?rest_route=%2Fwp%2Fv2%2Fmedia&parent=571"}],"wp:term":[{"taxonomy":"category","embeddable":true,"href":"https:\/\/ecole.ac-nice.fr\/carros\/fiori\/index.php?rest_route=%2Fwp%2Fv2%2Fcategories&post=571"},{"taxonomy":"post_tag","embeddable":true,"href":"https:\/\/ecole.ac-nice.fr\/carros\/fiori\/index.php?rest_route=%2Fwp%2Fv2%2Ftags&post=571"}],"curies":[{"name":"wp","href":"https:\/\/api.w.org\/{rel}","templated":true}]}}