{"id":540,"date":"2018-12-14T10:25:58","date_gmt":"2018-12-14T09:25:58","guid":{"rendered":"http:\/\/ecole.ac-nice.fr\/carros\/fiori\/?p=540"},"modified":"2018-12-14T10:25:58","modified_gmt":"2018-12-14T09:25:58","slug":"sortie-en-mer","status":"publish","type":"post","link":"https:\/\/ecole.ac-nice.fr\/carros\/fiori\/?p=540","title":{"rendered":"Sortie en mer"},"content":{"rendered":"<p>Les enfants des classes de CE1-CE2 et de CM2 partiront en sortie lundi 20 mai.<img loading=\"lazy\" decoding=\"async\" class=\"wp-image-542 alignright\" src=\"https:\/\/ecole.ac-nice.fr\/carros\/fiori\/wp-content\/uploads\/sites\/25\/2018\/12\/Santo-Sospir22.jpg\" alt=\"\" width=\"253\" height=\"378\" srcset=\"https:\/\/ecole.ac-nice.fr\/carros\/fiori\/wp-content\/uploads\/sites\/25\/2018\/12\/Santo-Sospir22.jpg 324w, https:\/\/ecole.ac-nice.fr\/carros\/fiori\/wp-content\/uploads\/sites\/25\/2018\/12\/Santo-Sospir22-201x300.jpg 201w\" sizes=\"auto, (max-width: 253px) 100vw, 253px\" \/><\/p>\n<p>Ils vont embarquer \u00e0 bord du voilier de SOS Grand Bleu, le bateau-\u00e9cole \u00ab Santo-Sospir \u00bb, afin de d\u00e9couvrir le Sanctuaire pour les mammif\u00e8res marins en M\u00e9diterran\u00e9e : \u00abPELAGOS\u00bb.<br \/>\nCette sortie en mer sera pour eux l\u2019occasion de prendre conscience de l\u2019int\u00e9r\u00eat vital de pr\u00e9server cet espace marin, partie int\u00e9grante de l\u2019\u00e9cosyst\u00e8me m\u00e9diterran\u00e9en.<\/p>\n<p>&nbsp;<\/p>\n<p>Le d\u00e9part en bus de l\u2019\u00e9cole est \u00e0 8h15 ; le retour (pr\u00e9vu) en bus est fix\u00e9 \u00e0 17h30.<\/p>\n<p>&nbsp;<\/p>\n<p><strong>Information compl\u00e9mentaire :<\/strong><\/p>\n<figure id=\"attachment_541\" aria-describedby=\"caption-attachment-541\" style=\"width: 311px\" class=\"wp-caption alignleft\"><a href=\"https:\/\/ecole.ac-nice.fr\/carros\/fiori\/wp-content\/uploads\/sites\/25\/2018\/12\/13.jpg\"><img loading=\"lazy\" decoding=\"async\" class=\"size-full wp-image-541\" src=\"https:\/\/ecole.ac-nice.fr\/carros\/fiori\/wp-content\/uploads\/sites\/25\/2018\/12\/13.jpg\" alt=\"\" width=\"311\" height=\"216\" srcset=\"https:\/\/ecole.ac-nice.fr\/carros\/fiori\/wp-content\/uploads\/sites\/25\/2018\/12\/13.jpg 311w, https:\/\/ecole.ac-nice.fr\/carros\/fiori\/wp-content\/uploads\/sites\/25\/2018\/12\/13-300x208.jpg 300w\" sizes=\"auto, (max-width: 311px) 100vw, 311px\" \/><\/a><figcaption id=\"caption-attachment-541\" class=\"wp-caption-text\"><\/strong> <strong>SONY D<\/strong><\/figcaption><\/figure>\n<p><strong>Sanctuaire pour les mammif\u00e8res marins en M\u00e9diterran\u00e9e \u2013 PELAGOS<\/strong><br \/>\nCes sorties en mer seront pour vous l\u2019occasion de prendre conscience de l\u2019int\u00e9r\u00eat vital de pr\u00e9server cette espace marin, partie int\u00e9grale de l\u2019\u00e9cosyst\u00e8me m\u00e9diterran\u00e9en. Ce sanctuaire s\u2019\u00e9tend sur 87 500 km2, au sein du bassin Corso-Liguro-Proven\u00e7al. C\u2019est en 1999 que la France, l\u2019Italie et Monaco signent \u00e0 Rome les accords du Sanctuaire. Cette zone a pour objectif de prot\u00e9ger les c\u00e9tac\u00e9s et leurs habitats contre toutes les causes de perturbations : pollution, capture et blessures accidentelles, d\u00e9rangements, etc. On estime qu\u2019entre 1000 et 3000 rorquals communs, ainsi qu\u2019environ 25 000 dauphins bleu et blanc, fr\u00e9quentent ce p\u00e9rim\u00e8tre, en \u00e9t\u00e9.<\/p>\n<p>&nbsp;<\/p>\n","protected":false},"excerpt":{"rendered":"<p>Les enfants des classes de CE1-CE2 et de CM2 partiront en sortie lundi 20 mai. Ils vont embarquer \u00e0 bord du voilier de SOS Grand Bleu, le bateau-\u00e9cole \u00ab Santo-Sospir \u00bb, afin de d\u00e9couvrir le Sanctuaire pour les mammif\u00e8res marins en M\u00e9diterran\u00e9e : \u00abPELAGOS\u00bb. Cette sortie en mer sera pour eux l\u2019occasion de prendre conscience &hellip; <a href=\"https:\/\/ecole.ac-nice.fr\/carros\/fiori\/?p=540\" class=\"more-link\">Continuer la lecture de <span class=\"screen-reader-text\">Sortie en mer<\/span> <span class=\"meta-nav\">&rarr;<\/span><\/a><\/p>\n","protected":false},"author":29,"featured_media":0,"comment_status":"closed","ping_status":"open","sticky":false,"template":"","format":"quote","meta":{"footnotes":""},"categories":[1,12],"tags":[],"class_list":["post-540","post","type-post","status-publish","format-quote","hentry","category-actualites-diverses","category-sorties","post_format-post-format-quote"],"_links":{"self":[{"href":"https:\/\/ecole.ac-nice.fr\/carros\/fiori\/index.php?rest_route=\/wp\/v2\/posts\/540","targetHints":{"allow":["GET"]}}],"collection":[{"href":"https:\/\/ecole.ac-nice.fr\/carros\/fiori\/index.php?rest_route=\/wp\/v2\/posts"}],"about":[{"href":"https:\/\/ecole.ac-nice.fr\/carros\/fiori\/index.php?rest_route=\/wp\/v2\/types\/post"}],"author":[{"embeddable":true,"href":"https:\/\/ecole.ac-nice.fr\/carros\/fiori\/index.php?rest_route=\/wp\/v2\/users\/29"}],"replies":[{"embeddable":true,"href":"https:\/\/ecole.ac-nice.fr\/carros\/fiori\/index.php?rest_route=%2Fwp%2Fv2%2Fcomments&post=540"}],"version-history":[{"count":1,"href":"https:\/\/ecole.ac-nice.fr\/carros\/fiori\/index.php?rest_route=\/wp\/v2\/posts\/540\/revisions"}],"predecessor-version":[{"id":543,"href":"https:\/\/ecole.ac-nice.fr\/carros\/fiori\/index.php?rest_route=\/wp\/v2\/posts\/540\/revisions\/543"}],"wp:attachment":[{"href":"https:\/\/ecole.ac-nice.fr\/carros\/fiori\/index.php?rest_route=%2Fwp%2Fv2%2Fmedia&parent=540"}],"wp:term":[{"taxonomy":"category","embeddable":true,"href":"https:\/\/ecole.ac-nice.fr\/carros\/fiori\/index.php?rest_route=%2Fwp%2Fv2%2Fcategories&post=540"},{"taxonomy":"post_tag","embeddable":true,"href":"https:\/\/ecole.ac-nice.fr\/carros\/fiori\/index.php?rest_route=%2Fwp%2Fv2%2Ftags&post=540"}],"curies":[{"name":"wp","href":"https:\/\/api.w.org\/{rel}","templated":true}]}}