{"id":524,"date":"2018-11-16T10:06:04","date_gmt":"2018-11-16T09:06:04","guid":{"rendered":"http:\/\/ecole.ac-nice.fr\/carros\/fiori\/?p=524"},"modified":"2018-11-16T10:07:53","modified_gmt":"2018-11-16T09:07:53","slug":"524","status":"publish","type":"post","link":"https:\/\/ecole.ac-nice.fr\/carros\/fiori\/?p=524","title":{"rendered":"Ateliers d&rsquo;artiste"},"content":{"rendered":"<p>En partenariat avec la m\u00e9diath\u00e8que Andr\u00e9-Verdet et le Forum Jacques-Pr\u00e9vert,\u00a0dans la dynamique du projet 100% EAC,\u00a0l\u2019artiste St\u00e9phanie Hamel-Grain interviendra, aupr\u00e8s des \u00e9l\u00e8ves de CE2-CM1 et de CM2 les 10 et 17 janvier 2019, afin de r\u00e9aliser une production plastique qui sera pr\u00e9sent\u00e9e lors de l\u2019exposition :<\/p>\n<p style=\"padding-left: 150px\"><strong><span style=\"color: #800080\">\u00ab Comment bien observer un silence ?\u00bb<\/span><\/strong><\/p>\n<p>&nbsp;<\/p>\n","protected":false},"excerpt":{"rendered":"<p>En partenariat avec la m\u00e9diath\u00e8que Andr\u00e9-Verdet et le Forum Jacques-Pr\u00e9vert,\u00a0dans la dynamique du projet 100% EAC,\u00a0l\u2019artiste St\u00e9phanie Hamel-Grain interviendra, aupr\u00e8s des \u00e9l\u00e8ves de CE2-CM1 et de CM2 les 10 et 17 janvier 2019, afin de r\u00e9aliser une production plastique qui sera pr\u00e9sent\u00e9e lors de l\u2019exposition : \u00ab Comment bien observer un silence ?\u00bb &nbsp;<\/p>\n","protected":false},"author":29,"featured_media":0,"comment_status":"closed","ping_status":"open","sticky":false,"template":"","format":"gallery","meta":{"footnotes":""},"categories":[1],"tags":[],"class_list":["post-524","post","type-post","status-publish","format-gallery","hentry","category-actualites-diverses","post_format-post-format-gallery"],"_links":{"self":[{"href":"https:\/\/ecole.ac-nice.fr\/carros\/fiori\/index.php?rest_route=\/wp\/v2\/posts\/524","targetHints":{"allow":["GET"]}}],"collection":[{"href":"https:\/\/ecole.ac-nice.fr\/carros\/fiori\/index.php?rest_route=\/wp\/v2\/posts"}],"about":[{"href":"https:\/\/ecole.ac-nice.fr\/carros\/fiori\/index.php?rest_route=\/wp\/v2\/types\/post"}],"author":[{"embeddable":true,"href":"https:\/\/ecole.ac-nice.fr\/carros\/fiori\/index.php?rest_route=\/wp\/v2\/users\/29"}],"replies":[{"embeddable":true,"href":"https:\/\/ecole.ac-nice.fr\/carros\/fiori\/index.php?rest_route=%2Fwp%2Fv2%2Fcomments&post=524"}],"version-history":[{"count":2,"href":"https:\/\/ecole.ac-nice.fr\/carros\/fiori\/index.php?rest_route=\/wp\/v2\/posts\/524\/revisions"}],"predecessor-version":[{"id":526,"href":"https:\/\/ecole.ac-nice.fr\/carros\/fiori\/index.php?rest_route=\/wp\/v2\/posts\/524\/revisions\/526"}],"wp:attachment":[{"href":"https:\/\/ecole.ac-nice.fr\/carros\/fiori\/index.php?rest_route=%2Fwp%2Fv2%2Fmedia&parent=524"}],"wp:term":[{"taxonomy":"category","embeddable":true,"href":"https:\/\/ecole.ac-nice.fr\/carros\/fiori\/index.php?rest_route=%2Fwp%2Fv2%2Fcategories&post=524"},{"taxonomy":"post_tag","embeddable":true,"href":"https:\/\/ecole.ac-nice.fr\/carros\/fiori\/index.php?rest_route=%2Fwp%2Fv2%2Ftags&post=524"}],"curies":[{"name":"wp","href":"https:\/\/api.w.org\/{rel}","templated":true}]}}